{"id":868,"date":"2022-01-13T17:37:00","date_gmt":"2022-01-13T20:37:00","guid":{"rendered":"https:\/\/pos.uel.br\/saudecoletiva\/?p=868"},"modified":"2022-01-13T17:37:02","modified_gmt":"2022-01-13T20:37:02","slug":"divulgada-as-instrucoes-para-a-realizacao-da-matricula-das-novas-turmas-de-mestrado-e-doutorado-2022","status":"publish","type":"post","link":"https:\/\/pos.uel.br\/saudecoletiva\/sem-categoria\/2022\/01\/13\/divulgada-as-instrucoes-para-a-realizacao-da-matricula-das-novas-turmas-de-mestrado-e-doutorado-2022\/","title":{"rendered":"Divulgada as instru\u00e7\u00f5es para a realiza\u00e7\u00e3o da matr\u00edcula das novas turmas de mestrado e doutorado 2022"},"content":{"rendered":"\n<p><a href=\"https:\/\/pos.uel.br\/saudecoletiva\/wp-content\/uploads\/2022\/01\/Edital-012022.pdf\">clique aqui<\/a><\/p>\n\n\n\n<p><\/p>\n","protected":false},"excerpt":{"rendered":"<p>clique aqui<\/p>\n","protected":false},"author":8,"featured_media":0,"comment_status":"open","ping_status":"open","sticky":false,"template":"","format":"standard","meta":{"footnotes":""},"categories":[1],"tags":[],"class_list":["post-868","post","type-post","status-publish","format-standard","hentry","category-sem-categoria"],"acf":[],"_links":{"self":[{"href":"https:\/\/pos.uel.br\/saudecoletiva\/wp-json\/wp\/v2\/posts\/868","targetHints":{"allow":["GET"]}}],"collection":[{"href":"https:\/\/pos.uel.br\/saudecoletiva\/wp-json\/wp\/v2\/posts"}],"about":[{"href":"https:\/\/pos.uel.br\/saudecoletiva\/wp-json\/wp\/v2\/types\/post"}],"author":[{"embeddable":true,"href":"https:\/\/pos.uel.br\/saudecoletiva\/wp-json\/wp\/v2\/users\/8"}],"replies":[{"embeddable":true,"href":"https:\/\/pos.uel.br\/saudecoletiva\/wp-json\/wp\/v2\/comments?post=868"}],"version-history":[{"count":2,"href":"https:\/\/pos.uel.br\/saudecoletiva\/wp-json\/wp\/v2\/posts\/868\/revisions"}],"predecessor-version":[{"id":870,"href":"https:\/\/pos.uel.br\/saudecoletiva\/wp-json\/wp\/v2\/posts\/868\/revisions\/870"}],"wp:attachment":[{"href":"https:\/\/pos.uel.br\/saudecoletiva\/wp-json\/wp\/v2\/media?parent=868"}],"wp:term":[{"taxonomy":"category","embeddable":true,"href":"https:\/\/pos.uel.br\/saudecoletiva\/wp-json\/wp\/v2\/categories?post=868"},{"taxonomy":"post_tag","embeddable":true,"href":"https:\/\/pos.uel.br\/saudecoletiva\/wp-json\/wp\/v2\/tags?post=868"}],"curies":[{"name":"wp","href":"https:\/\/api.w.org\/{rel}","templated":true}]}}