{"id":831,"date":"2021-12-10T10:14:09","date_gmt":"2021-12-10T13:14:09","guid":{"rendered":"https:\/\/pos.uel.br\/saudecoletiva\/?p=831"},"modified":"2021-12-10T10:14:11","modified_gmt":"2021-12-10T13:14:11","slug":"deliberacao-de-prorrogacao-automatica-de-entrega-de-trabalhos-academicos","status":"publish","type":"post","link":"https:\/\/pos.uel.br\/saudecoletiva\/sem-categoria\/2021\/12\/10\/deliberacao-de-prorrogacao-automatica-de-entrega-de-trabalhos-academicos\/","title":{"rendered":"Delibera\u00e7\u00e3o de prorroga\u00e7\u00e3o autom\u00e1tica de entrega de trabalhos acad\u00eamicos"},"content":{"rendered":"\n<p><a href=\"https:\/\/pos.uel.br\/saudecoletiva\/wp-content\/uploads\/2021\/12\/Deliberac%CC%A7a%CC%83o-033.-2021-prorrogac%CC%A7o%CC%83es-automa%CC%81ticas-2021-2022.pdf\">clique aqui<\/a><\/p>\n","protected":false},"excerpt":{"rendered":"<p>clique aqui<\/p>\n","protected":false},"author":8,"featured_media":0,"comment_status":"open","ping_status":"open","sticky":false,"template":"","format":"standard","meta":{"footnotes":""},"categories":[1],"tags":[],"class_list":["post-831","post","type-post","status-publish","format-standard","hentry","category-sem-categoria"],"acf":[],"_links":{"self":[{"href":"https:\/\/pos.uel.br\/saudecoletiva\/wp-json\/wp\/v2\/posts\/831","targetHints":{"allow":["GET"]}}],"collection":[{"href":"https:\/\/pos.uel.br\/saudecoletiva\/wp-json\/wp\/v2\/posts"}],"about":[{"href":"https:\/\/pos.uel.br\/saudecoletiva\/wp-json\/wp\/v2\/types\/post"}],"author":[{"embeddable":true,"href":"https:\/\/pos.uel.br\/saudecoletiva\/wp-json\/wp\/v2\/users\/8"}],"replies":[{"embeddable":true,"href":"https:\/\/pos.uel.br\/saudecoletiva\/wp-json\/wp\/v2\/comments?post=831"}],"version-history":[{"count":1,"href":"https:\/\/pos.uel.br\/saudecoletiva\/wp-json\/wp\/v2\/posts\/831\/revisions"}],"predecessor-version":[{"id":832,"href":"https:\/\/pos.uel.br\/saudecoletiva\/wp-json\/wp\/v2\/posts\/831\/revisions\/832"}],"wp:attachment":[{"href":"https:\/\/pos.uel.br\/saudecoletiva\/wp-json\/wp\/v2\/media?parent=831"}],"wp:term":[{"taxonomy":"category","embeddable":true,"href":"https:\/\/pos.uel.br\/saudecoletiva\/wp-json\/wp\/v2\/categories?post=831"},{"taxonomy":"post_tag","embeddable":true,"href":"https:\/\/pos.uel.br\/saudecoletiva\/wp-json\/wp\/v2\/tags?post=831"}],"curies":[{"name":"wp","href":"https:\/\/api.w.org\/{rel}","templated":true}]}}