{"id":823,"date":"2021-11-30T21:48:38","date_gmt":"2021-12-01T00:48:38","guid":{"rendered":"https:\/\/pos.uel.br\/saudecoletiva\/?p=823"},"modified":"2021-11-30T21:49:30","modified_gmt":"2021-12-01T00:49:30","slug":"ja-disponivel-a-relacao-de-disciplinas-do-1osemestre-de-2022","status":"publish","type":"post","link":"https:\/\/pos.uel.br\/saudecoletiva\/sem-categoria\/2021\/11\/30\/ja-disponivel-a-relacao-de-disciplinas-do-1osemestre-de-2022\/","title":{"rendered":"Dispon\u00edvel a rela\u00e7\u00e3o de disciplinas do 1\u00basemestre de 2022"},"content":{"rendered":"\n<p><a href=\"https:\/\/pos.uel.br\/saudecoletiva\/wp-content\/uploads\/2021\/11\/Quadro-disciplinas-1S-2022.pdf\">clique aqui<\/a><\/p>\n","protected":false},"excerpt":{"rendered":"<p>clique aqui<\/p>\n","protected":false},"author":8,"featured_media":0,"comment_status":"open","ping_status":"open","sticky":false,"template":"","format":"standard","meta":{"footnotes":""},"categories":[1],"tags":[],"class_list":["post-823","post","type-post","status-publish","format-standard","hentry","category-sem-categoria"],"acf":[],"_links":{"self":[{"href":"https:\/\/pos.uel.br\/saudecoletiva\/wp-json\/wp\/v2\/posts\/823","targetHints":{"allow":["GET"]}}],"collection":[{"href":"https:\/\/pos.uel.br\/saudecoletiva\/wp-json\/wp\/v2\/posts"}],"about":[{"href":"https:\/\/pos.uel.br\/saudecoletiva\/wp-json\/wp\/v2\/types\/post"}],"author":[{"embeddable":true,"href":"https:\/\/pos.uel.br\/saudecoletiva\/wp-json\/wp\/v2\/users\/8"}],"replies":[{"embeddable":true,"href":"https:\/\/pos.uel.br\/saudecoletiva\/wp-json\/wp\/v2\/comments?post=823"}],"version-history":[{"count":2,"href":"https:\/\/pos.uel.br\/saudecoletiva\/wp-json\/wp\/v2\/posts\/823\/revisions"}],"predecessor-version":[{"id":825,"href":"https:\/\/pos.uel.br\/saudecoletiva\/wp-json\/wp\/v2\/posts\/823\/revisions\/825"}],"wp:attachment":[{"href":"https:\/\/pos.uel.br\/saudecoletiva\/wp-json\/wp\/v2\/media?parent=823"}],"wp:term":[{"taxonomy":"category","embeddable":true,"href":"https:\/\/pos.uel.br\/saudecoletiva\/wp-json\/wp\/v2\/categories?post=823"},{"taxonomy":"post_tag","embeddable":true,"href":"https:\/\/pos.uel.br\/saudecoletiva\/wp-json\/wp\/v2\/tags?post=823"}],"curies":[{"name":"wp","href":"https:\/\/api.w.org\/{rel}","templated":true}]}}