{"id":759,"date":"2021-10-21T16:08:06","date_gmt":"2021-10-21T19:08:06","guid":{"rendered":"https:\/\/pos.uel.br\/saudecoletiva\/?p=759"},"modified":"2021-10-21T16:08:08","modified_gmt":"2021-10-21T19:08:08","slug":"resultado-de-recurso-referente-ao-pedido-de-isencao-de-taxa-de-inscricao","status":"publish","type":"post","link":"https:\/\/pos.uel.br\/saudecoletiva\/sem-categoria\/2021\/10\/21\/resultado-de-recurso-referente-ao-pedido-de-isencao-de-taxa-de-inscricao\/","title":{"rendered":"Resultado de recurso referente ao pedido de isen\u00e7\u00e3o de taxa de inscri\u00e7\u00e3o"},"content":{"rendered":"\n<div class=\"wp-block-file\"><a href=\"https:\/\/pos.uel.br\/saudecoletiva\/wp-content\/uploads\/2021\/10\/Resultado-pedido-isenc\u0327a\u0303o-tx-inscric\u0327a\u0303o-2.pdf\">Resultado pedido isenc\u0327a\u0303o tx inscric\u0327a\u0303o<\/a><a href=\"https:\/\/pos.uel.br\/saudecoletiva\/wp-content\/uploads\/2021\/10\/Resultado-pedido-isenc\u0327a\u0303o-tx-inscric\u0327a\u0303o-2.pdf\" class=\"wp-block-file__button\" download>Baixar<\/a><\/div>\n\n\n\n<p><\/p>\n","protected":false},"excerpt":{"rendered":"","protected":false},"author":8,"featured_media":0,"comment_status":"open","ping_status":"open","sticky":false,"template":"","format":"standard","meta":{"footnotes":""},"categories":[1],"tags":[],"class_list":["post-759","post","type-post","status-publish","format-standard","hentry","category-sem-categoria"],"acf":[],"_links":{"self":[{"href":"https:\/\/pos.uel.br\/saudecoletiva\/wp-json\/wp\/v2\/posts\/759","targetHints":{"allow":["GET"]}}],"collection":[{"href":"https:\/\/pos.uel.br\/saudecoletiva\/wp-json\/wp\/v2\/posts"}],"about":[{"href":"https:\/\/pos.uel.br\/saudecoletiva\/wp-json\/wp\/v2\/types\/post"}],"author":[{"embeddable":true,"href":"https:\/\/pos.uel.br\/saudecoletiva\/wp-json\/wp\/v2\/users\/8"}],"replies":[{"embeddable":true,"href":"https:\/\/pos.uel.br\/saudecoletiva\/wp-json\/wp\/v2\/comments?post=759"}],"version-history":[{"count":1,"href":"https:\/\/pos.uel.br\/saudecoletiva\/wp-json\/wp\/v2\/posts\/759\/revisions"}],"predecessor-version":[{"id":761,"href":"https:\/\/pos.uel.br\/saudecoletiva\/wp-json\/wp\/v2\/posts\/759\/revisions\/761"}],"wp:attachment":[{"href":"https:\/\/pos.uel.br\/saudecoletiva\/wp-json\/wp\/v2\/media?parent=759"}],"wp:term":[{"taxonomy":"category","embeddable":true,"href":"https:\/\/pos.uel.br\/saudecoletiva\/wp-json\/wp\/v2\/categories?post=759"},{"taxonomy":"post_tag","embeddable":true,"href":"https:\/\/pos.uel.br\/saudecoletiva\/wp-json\/wp\/v2\/tags?post=759"}],"curies":[{"name":"wp","href":"https:\/\/api.w.org\/{rel}","templated":true}]}}