{"id":689,"date":"2021-10-17T14:45:51","date_gmt":"2021-10-17T17:45:51","guid":{"rendered":"https:\/\/pos.uel.br\/saudecoletiva\/?p=689"},"modified":"2021-10-17T14:49:46","modified_gmt":"2021-10-17T17:49:46","slug":"resultado-dos-pedidos-de-isencao-de-inscricao","status":"publish","type":"post","link":"https:\/\/pos.uel.br\/saudecoletiva\/sem-categoria\/2021\/10\/17\/resultado-dos-pedidos-de-isencao-de-inscricao\/","title":{"rendered":"Resultado dos pedidos de isen\u00e7\u00e3o de inscri\u00e7\u00e3o"},"content":{"rendered":"\n<div class=\"wp-block-file\"><a href=\"https:\/\/pos.uel.br\/saudecoletiva\/wp-content\/uploads\/2021\/10\/Resultado-pedido-isenc\u0327a\u0303o-tx-inscric\u0327a\u0303o-1.pdf\">Resultado-pedido-isenc\u0327a\u0303o-tx-inscric\u0327a\u0303o-1<\/a><a href=\"https:\/\/pos.uel.br\/saudecoletiva\/wp-content\/uploads\/2021\/10\/Resultado-pedido-isenc\u0327a\u0303o-tx-inscric\u0327a\u0303o-1.pdf\" class=\"wp-block-file__button\" download>Baixar<\/a><\/div>\n","protected":false},"excerpt":{"rendered":"","protected":false},"author":8,"featured_media":0,"comment_status":"open","ping_status":"open","sticky":false,"template":"","format":"standard","meta":{"footnotes":""},"categories":[1],"tags":[],"class_list":["post-689","post","type-post","status-publish","format-standard","hentry","category-sem-categoria"],"acf":[],"_links":{"self":[{"href":"https:\/\/pos.uel.br\/saudecoletiva\/wp-json\/wp\/v2\/posts\/689","targetHints":{"allow":["GET"]}}],"collection":[{"href":"https:\/\/pos.uel.br\/saudecoletiva\/wp-json\/wp\/v2\/posts"}],"about":[{"href":"https:\/\/pos.uel.br\/saudecoletiva\/wp-json\/wp\/v2\/types\/post"}],"author":[{"embeddable":true,"href":"https:\/\/pos.uel.br\/saudecoletiva\/wp-json\/wp\/v2\/users\/8"}],"replies":[{"embeddable":true,"href":"https:\/\/pos.uel.br\/saudecoletiva\/wp-json\/wp\/v2\/comments?post=689"}],"version-history":[{"count":2,"href":"https:\/\/pos.uel.br\/saudecoletiva\/wp-json\/wp\/v2\/posts\/689\/revisions"}],"predecessor-version":[{"id":695,"href":"https:\/\/pos.uel.br\/saudecoletiva\/wp-json\/wp\/v2\/posts\/689\/revisions\/695"}],"wp:attachment":[{"href":"https:\/\/pos.uel.br\/saudecoletiva\/wp-json\/wp\/v2\/media?parent=689"}],"wp:term":[{"taxonomy":"category","embeddable":true,"href":"https:\/\/pos.uel.br\/saudecoletiva\/wp-json\/wp\/v2\/categories?post=689"},{"taxonomy":"post_tag","embeddable":true,"href":"https:\/\/pos.uel.br\/saudecoletiva\/wp-json\/wp\/v2\/tags?post=689"}],"curies":[{"name":"wp","href":"https:\/\/api.w.org\/{rel}","templated":true}]}}