{"id":2213,"date":"2026-04-09T12:02:35","date_gmt":"2026-04-09T15:02:35","guid":{"rendered":"https:\/\/pos.uel.br\/saudecoletiva\/?p=2213"},"modified":"2026-04-16T08:46:27","modified_gmt":"2026-04-16T11:46:27","slug":"ii-seminario-do-grupo-de-pesquisa-em-trabalho-e-cuidado-em-saude","status":"publish","type":"post","link":"https:\/\/pos.uel.br\/saudecoletiva\/sem-categoria\/2026\/04\/09\/ii-seminario-do-grupo-de-pesquisa-em-trabalho-e-cuidado-em-saude\/","title":{"rendered":"II Semin\u00e1rio do Grupo de Pesquisa em Trabalho e Cuidado em Sa\u00fade"},"content":{"rendered":"\n<figure class=\"wp-block-image size-large\"><img loading=\"lazy\" decoding=\"async\" width=\"1024\" height=\"684\" src=\"https:\/\/pos.uel.br\/saudecoletiva\/wp-content\/uploads\/2026\/04\/foto-para-site-1024x684.jpg\" alt=\"\" class=\"wp-image-2214\" srcset=\"https:\/\/pos.uel.br\/saudecoletiva\/wp-content\/uploads\/2026\/04\/foto-para-site-1024x684.jpg 1024w, https:\/\/pos.uel.br\/saudecoletiva\/wp-content\/uploads\/2026\/04\/foto-para-site-300x200.jpg 300w, https:\/\/pos.uel.br\/saudecoletiva\/wp-content\/uploads\/2026\/04\/foto-para-site-768x513.jpg 768w, https:\/\/pos.uel.br\/saudecoletiva\/wp-content\/uploads\/2026\/04\/foto-para-site.jpg 1250w\" sizes=\"auto, (max-width: 1024px) 100vw, 1024px\" \/><\/figure>\n\n\n\n<p>Aconteceu no \u00faltimo dai 27 de mar\u00e7o o II Semin\u00e1rio de Pesquisa do Grupo de Pesquisa em Trabalho e Cuidado em Sa\u00fade. O semin\u00e1rio &#8220;Luta e Pot\u00eancia transforma Desafios em Caminhos de Mudan\u00e7a&#8221;, contou com a participa\u00e7\u00e3o de professores e alunos do Programa de P\u00f3s Gradua\u00e7\u00e3o em Sa\u00fade Coletiva, al\u00e9m da Profa. Laura Camargo Macruz Feuerwerker (USP), como apoiadora, e de pessoas da comunidade que participam da pesquisa.<\/p>\n","protected":false},"excerpt":{"rendered":"<p>Aconteceu no \u00faltimo dai 27 de mar\u00e7o o II Semin\u00e1rio de Pesquisa do Grupo de Pesquisa em Trabalho e Cuidado em Sa\u00fade. O semin\u00e1rio &#8220;Luta e Pot\u00eancia transforma Desafios em Caminhos de Mudan\u00e7a&#8221;, contou com a participa\u00e7\u00e3o de professores e alunos do Programa de P\u00f3s Gradua\u00e7\u00e3o em Sa\u00fade Coletiva, al\u00e9m da Profa. Laura Camargo Macruz [&hellip;]<\/p>\n","protected":false},"author":14,"featured_media":0,"comment_status":"open","ping_status":"open","sticky":false,"template":"","format":"standard","meta":{"footnotes":""},"categories":[1],"tags":[],"class_list":["post-2213","post","type-post","status-publish","format-standard","hentry","category-sem-categoria"],"acf":[],"_links":{"self":[{"href":"https:\/\/pos.uel.br\/saudecoletiva\/wp-json\/wp\/v2\/posts\/2213","targetHints":{"allow":["GET"]}}],"collection":[{"href":"https:\/\/pos.uel.br\/saudecoletiva\/wp-json\/wp\/v2\/posts"}],"about":[{"href":"https:\/\/pos.uel.br\/saudecoletiva\/wp-json\/wp\/v2\/types\/post"}],"author":[{"embeddable":true,"href":"https:\/\/pos.uel.br\/saudecoletiva\/wp-json\/wp\/v2\/users\/14"}],"replies":[{"embeddable":true,"href":"https:\/\/pos.uel.br\/saudecoletiva\/wp-json\/wp\/v2\/comments?post=2213"}],"version-history":[{"count":3,"href":"https:\/\/pos.uel.br\/saudecoletiva\/wp-json\/wp\/v2\/posts\/2213\/revisions"}],"predecessor-version":[{"id":2243,"href":"https:\/\/pos.uel.br\/saudecoletiva\/wp-json\/wp\/v2\/posts\/2213\/revisions\/2243"}],"wp:attachment":[{"href":"https:\/\/pos.uel.br\/saudecoletiva\/wp-json\/wp\/v2\/media?parent=2213"}],"wp:term":[{"taxonomy":"category","embeddable":true,"href":"https:\/\/pos.uel.br\/saudecoletiva\/wp-json\/wp\/v2\/categories?post=2213"},{"taxonomy":"post_tag","embeddable":true,"href":"https:\/\/pos.uel.br\/saudecoletiva\/wp-json\/wp\/v2\/tags?post=2213"}],"curies":[{"name":"wp","href":"https:\/\/api.w.org\/{rel}","templated":true}]}}