{"id":2173,"date":"2026-03-27T10:07:40","date_gmt":"2026-03-27T13:07:40","guid":{"rendered":"https:\/\/pos.uel.br\/saudecoletiva\/?p=2173"},"modified":"2026-03-27T12:18:52","modified_gmt":"2026-03-27T15:18:52","slug":"mesa-redonda-com-egressos-inicio-turmas-mestrado-e-doutorado-2026","status":"publish","type":"post","link":"https:\/\/pos.uel.br\/saudecoletiva\/sem-categoria\/2026\/03\/27\/mesa-redonda-com-egressos-inicio-turmas-mestrado-e-doutorado-2026\/","title":{"rendered":"Mesa Redonda com egressos &#8211; In\u00edcio turmas mestrado e doutorado 2026"},"content":{"rendered":"\n<p>No dia 16 de mar\u00e7o aconteceu a recep\u00e7\u00e3o dos novos ingressantes do Programa de P\u00f3s Gradua\u00e7\u00e3o em Sa\u00fade Coletiva da UEL. Ap\u00f3s a fala de boas vindas e da apresenta\u00e7\u00e3o do programa, foi realizada a Mesa Redonda com egressos: &#8220;O desafio da articula\u00e7\u00e3o do trip\u00e9 da Sa\u00fade Coletiva para a pr\u00e1tica em sa\u00fade: cen\u00e1rio atual, desafio e caminhos&#8221;, que contou com a participa\u00e7\u00e3o de Felipe Assan Remondi (17\u00aa Regional de Sa\u00fade, egresso do mestrado e doutorado do programa em Sa\u00fade Coletiva da UEL), de Giovana Maria Mourinho Ferreira (Faculdade de Apucarana. Egressa do mestrado e doutoranda do programa de Sa\u00fade Coletiva da UEL) e de Talita Maria Bengozi Gozi (Secret\u00e1ria de Sa\u00fade de Camb\u00e9\/PR. Egressa do doutorado do programa em Sa\u00fade Coletiva da UEL). O evento contou com a participa\u00e7\u00e3o tamb\u00e9m de docentes e alunas e alunos das turmas anteriores do doutorado, reunindo cerca de 50 pessoas. <\/p>\n\n\n\n<figure class=\"wp-block-image size-large\"><img loading=\"lazy\" decoding=\"async\" width=\"1024\" height=\"768\" src=\"https:\/\/pos.uel.br\/saudecoletiva\/wp-content\/uploads\/2026\/03\/foto-3-1024x768.jpg\" alt=\"\" class=\"wp-image-2183\" srcset=\"https:\/\/pos.uel.br\/saudecoletiva\/wp-content\/uploads\/2026\/03\/foto-3-1024x768.jpg 1024w, https:\/\/pos.uel.br\/saudecoletiva\/wp-content\/uploads\/2026\/03\/foto-3-300x225.jpg 300w, https:\/\/pos.uel.br\/saudecoletiva\/wp-content\/uploads\/2026\/03\/foto-3-768x576.jpg 768w, https:\/\/pos.uel.br\/saudecoletiva\/wp-content\/uploads\/2026\/03\/foto-3-1536x1152.jpg 1536w, https:\/\/pos.uel.br\/saudecoletiva\/wp-content\/uploads\/2026\/03\/foto-3.jpg 1600w\" sizes=\"auto, (max-width: 1024px) 100vw, 1024px\" \/><\/figure>\n","protected":false},"excerpt":{"rendered":"<p>No dia 16 de mar\u00e7o aconteceu a recep\u00e7\u00e3o dos novos ingressantes do Programa de P\u00f3s Gradua\u00e7\u00e3o em Sa\u00fade Coletiva da UEL. Ap\u00f3s a fala de boas vindas e da apresenta\u00e7\u00e3o do programa, foi realizada a Mesa Redonda com egressos: &#8220;O desafio da articula\u00e7\u00e3o do trip\u00e9 da Sa\u00fade Coletiva para a pr\u00e1tica em sa\u00fade: cen\u00e1rio atual, [&hellip;]<\/p>\n","protected":false},"author":14,"featured_media":2175,"comment_status":"open","ping_status":"open","sticky":false,"template":"","format":"standard","meta":{"footnotes":""},"categories":[1],"tags":[],"class_list":["post-2173","post","type-post","status-publish","format-standard","has-post-thumbnail","hentry","category-sem-categoria"],"acf":[],"_links":{"self":[{"href":"https:\/\/pos.uel.br\/saudecoletiva\/wp-json\/wp\/v2\/posts\/2173","targetHints":{"allow":["GET"]}}],"collection":[{"href":"https:\/\/pos.uel.br\/saudecoletiva\/wp-json\/wp\/v2\/posts"}],"about":[{"href":"https:\/\/pos.uel.br\/saudecoletiva\/wp-json\/wp\/v2\/types\/post"}],"author":[{"embeddable":true,"href":"https:\/\/pos.uel.br\/saudecoletiva\/wp-json\/wp\/v2\/users\/14"}],"replies":[{"embeddable":true,"href":"https:\/\/pos.uel.br\/saudecoletiva\/wp-json\/wp\/v2\/comments?post=2173"}],"version-history":[{"count":5,"href":"https:\/\/pos.uel.br\/saudecoletiva\/wp-json\/wp\/v2\/posts\/2173\/revisions"}],"predecessor-version":[{"id":2184,"href":"https:\/\/pos.uel.br\/saudecoletiva\/wp-json\/wp\/v2\/posts\/2173\/revisions\/2184"}],"wp:featuredmedia":[{"embeddable":true,"href":"https:\/\/pos.uel.br\/saudecoletiva\/wp-json\/wp\/v2\/media\/2175"}],"wp:attachment":[{"href":"https:\/\/pos.uel.br\/saudecoletiva\/wp-json\/wp\/v2\/media?parent=2173"}],"wp:term":[{"taxonomy":"category","embeddable":true,"href":"https:\/\/pos.uel.br\/saudecoletiva\/wp-json\/wp\/v2\/categories?post=2173"},{"taxonomy":"post_tag","embeddable":true,"href":"https:\/\/pos.uel.br\/saudecoletiva\/wp-json\/wp\/v2\/tags?post=2173"}],"curies":[{"name":"wp","href":"https:\/\/api.w.org\/{rel}","templated":true}]}}