{"id":2004,"date":"2025-07-24T21:14:39","date_gmt":"2025-07-25T00:14:39","guid":{"rendered":"https:\/\/pos.uel.br\/saudecoletiva\/?p=2004"},"modified":"2025-07-24T21:19:32","modified_gmt":"2025-07-25T00:19:32","slug":"cerimonia-de-lancamento-do-livro-entrevistas-safety-construindo-memorias-no-olho-do-furacao","status":"publish","type":"post","link":"https:\/\/pos.uel.br\/saudecoletiva\/sem-categoria\/2025\/07\/24\/cerimonia-de-lancamento-do-livro-entrevistas-safety-construindo-memorias-no-olho-do-furacao\/","title":{"rendered":"Cerim\u00f4nia de lan\u00e7amento do livro Entrevistas Safety: construindo mem\u00f3rias no olho do furac\u00e3o"},"content":{"rendered":"\n<p>Ocorreu no dia 22 de julho o lan\u00e7amento do livro <em>Entrevistas Safety: Construindo mem\u00f3rias no olho do furac\u00e3o<\/em>, organizado pela professora do programa, Marselle Nobre de Carvalho, em parceria com o jornalista Vin\u00edcius Fonseca. Para fazer o download do livro, <a href=\"https:\/\/editora.redeunida.org.br\/project\/entrevistas-safety-construindo-memorias-no-olho-do-furacao\/\">clique aqui<\/a>!<\/p>\n\n\n<div class=\"wp-block-image\">\n<figure class=\"aligncenter size-large\"><img loading=\"lazy\" decoding=\"async\" width=\"958\" height=\"1024\" src=\"https:\/\/pos.uel.br\/saudecoletiva\/wp-content\/uploads\/2025\/07\/Foto-safety-958x1024.png\" alt=\"\" class=\"wp-image-2005\" srcset=\"https:\/\/pos.uel.br\/saudecoletiva\/wp-content\/uploads\/2025\/07\/Foto-safety-958x1024.png 958w, https:\/\/pos.uel.br\/saudecoletiva\/wp-content\/uploads\/2025\/07\/Foto-safety-281x300.png 281w, https:\/\/pos.uel.br\/saudecoletiva\/wp-content\/uploads\/2025\/07\/Foto-safety-768x821.png 768w, https:\/\/pos.uel.br\/saudecoletiva\/wp-content\/uploads\/2025\/07\/Foto-safety.png 1108w\" sizes=\"auto, (max-width: 958px) 100vw, 958px\" \/><\/figure>\n<\/div>","protected":false},"excerpt":{"rendered":"<p>Ocorreu no dia 22 de julho o lan\u00e7amento do livro Entrevistas Safety: Construindo mem\u00f3rias no olho do furac\u00e3o, organizado pela professora do programa, Marselle Nobre de Carvalho, em parceria com o jornalista Vin\u00edcius Fonseca. Para fazer o download do livro, clique aqui!<\/p>\n","protected":false},"author":8,"featured_media":0,"comment_status":"open","ping_status":"open","sticky":false,"template":"","format":"standard","meta":{"footnotes":""},"categories":[1],"tags":[],"class_list":["post-2004","post","type-post","status-publish","format-standard","hentry","category-sem-categoria"],"acf":[],"_links":{"self":[{"href":"https:\/\/pos.uel.br\/saudecoletiva\/wp-json\/wp\/v2\/posts\/2004","targetHints":{"allow":["GET"]}}],"collection":[{"href":"https:\/\/pos.uel.br\/saudecoletiva\/wp-json\/wp\/v2\/posts"}],"about":[{"href":"https:\/\/pos.uel.br\/saudecoletiva\/wp-json\/wp\/v2\/types\/post"}],"author":[{"embeddable":true,"href":"https:\/\/pos.uel.br\/saudecoletiva\/wp-json\/wp\/v2\/users\/8"}],"replies":[{"embeddable":true,"href":"https:\/\/pos.uel.br\/saudecoletiva\/wp-json\/wp\/v2\/comments?post=2004"}],"version-history":[{"count":3,"href":"https:\/\/pos.uel.br\/saudecoletiva\/wp-json\/wp\/v2\/posts\/2004\/revisions"}],"predecessor-version":[{"id":2008,"href":"https:\/\/pos.uel.br\/saudecoletiva\/wp-json\/wp\/v2\/posts\/2004\/revisions\/2008"}],"wp:attachment":[{"href":"https:\/\/pos.uel.br\/saudecoletiva\/wp-json\/wp\/v2\/media?parent=2004"}],"wp:term":[{"taxonomy":"category","embeddable":true,"href":"https:\/\/pos.uel.br\/saudecoletiva\/wp-json\/wp\/v2\/categories?post=2004"},{"taxonomy":"post_tag","embeddable":true,"href":"https:\/\/pos.uel.br\/saudecoletiva\/wp-json\/wp\/v2\/tags?post=2004"}],"curies":[{"name":"wp","href":"https:\/\/api.w.org\/{rel}","templated":true}]}}