{"id":1972,"date":"2025-05-13T14:26:41","date_gmt":"2025-05-13T17:26:41","guid":{"rendered":"https:\/\/pos.uel.br\/saudecoletiva\/?p=1972"},"modified":"2025-05-13T14:26:41","modified_gmt":"2025-05-13T17:26:41","slug":"chamada-aberta-saude-em-debate-vai-publicar-numero-especial-sobre-avaliacao-analise-e-auditoria-de-politicas-de-saude-no-sus","status":"publish","type":"post","link":"https:\/\/pos.uel.br\/saudecoletiva\/sem-categoria\/2025\/05\/13\/chamada-aberta-saude-em-debate-vai-publicar-numero-especial-sobre-avaliacao-analise-e-auditoria-de-politicas-de-saude-no-sus\/","title":{"rendered":"Chamada aberta! Sa\u00fade em Debate vai publicar n\u00famero especial sobre: Avalia\u00e7\u00e3o, An\u00e1lise e Auditoria de Pol\u00edticas de Sa\u00fade no SUS"},"content":{"rendered":"\n<p>O Cebes, em parceria com a Ensp\/Fiocruz e o DenaSUS\/Minist\u00e9rio da Sa\u00fade, convida voc\u00ea a submeter artigos para a edi\u00e7\u00e3o especial sobre avalia\u00e7\u00e3o, an\u00e1lise e auditoria de pol\u00edticas de sa\u00fade \u2014 ferramentas fundamentais para qualificar decis\u00f5es e fortalecer o SUS.<\/p>\n\n\n\n<p>Contribua com pesquisas, experi\u00eancias e reflex\u00f5es que fa\u00e7am diferen\u00e7a!<\/p>\n\n\n\n<p>Tipos de texto: artigos originais, ensaios, relatos de experi\u00eancia e revis\u00f5es<br>\ud83d\uddd3 Prazo final: 12 de agosto de 2025<br>\ud83d\udd17 Submiss\u00f5es <a href=\"https:\/\/www.saudeemdebate.org.br\/sed\">clique aqui<\/a><br>\ud83d\udccc Indique no envio que o artigo \u00e9 para o n\u00famero especial e especifique o eixo tem\u00e1tico.<\/p>\n\n\n\n<p><\/p>\n","protected":false},"excerpt":{"rendered":"<p>O Cebes, em parceria com a Ensp\/Fiocruz e o DenaSUS\/Minist\u00e9rio da Sa\u00fade, convida voc\u00ea a submeter artigos para a edi\u00e7\u00e3o especial sobre avalia\u00e7\u00e3o, an\u00e1lise e auditoria de pol\u00edticas de sa\u00fade \u2014 ferramentas fundamentais para qualificar decis\u00f5es e fortalecer o SUS. Contribua com pesquisas, experi\u00eancias e reflex\u00f5es que fa\u00e7am diferen\u00e7a! Tipos de texto: artigos originais, ensaios, [&hellip;]<\/p>\n","protected":false},"author":8,"featured_media":0,"comment_status":"open","ping_status":"open","sticky":false,"template":"","format":"standard","meta":{"footnotes":""},"categories":[1],"tags":[],"class_list":["post-1972","post","type-post","status-publish","format-standard","hentry","category-sem-categoria"],"acf":[],"_links":{"self":[{"href":"https:\/\/pos.uel.br\/saudecoletiva\/wp-json\/wp\/v2\/posts\/1972","targetHints":{"allow":["GET"]}}],"collection":[{"href":"https:\/\/pos.uel.br\/saudecoletiva\/wp-json\/wp\/v2\/posts"}],"about":[{"href":"https:\/\/pos.uel.br\/saudecoletiva\/wp-json\/wp\/v2\/types\/post"}],"author":[{"embeddable":true,"href":"https:\/\/pos.uel.br\/saudecoletiva\/wp-json\/wp\/v2\/users\/8"}],"replies":[{"embeddable":true,"href":"https:\/\/pos.uel.br\/saudecoletiva\/wp-json\/wp\/v2\/comments?post=1972"}],"version-history":[{"count":1,"href":"https:\/\/pos.uel.br\/saudecoletiva\/wp-json\/wp\/v2\/posts\/1972\/revisions"}],"predecessor-version":[{"id":1973,"href":"https:\/\/pos.uel.br\/saudecoletiva\/wp-json\/wp\/v2\/posts\/1972\/revisions\/1973"}],"wp:attachment":[{"href":"https:\/\/pos.uel.br\/saudecoletiva\/wp-json\/wp\/v2\/media?parent=1972"}],"wp:term":[{"taxonomy":"category","embeddable":true,"href":"https:\/\/pos.uel.br\/saudecoletiva\/wp-json\/wp\/v2\/categories?post=1972"},{"taxonomy":"post_tag","embeddable":true,"href":"https:\/\/pos.uel.br\/saudecoletiva\/wp-json\/wp\/v2\/tags?post=1972"}],"curies":[{"name":"wp","href":"https:\/\/api.w.org\/{rel}","templated":true}]}}