{"id":1970,"date":"2025-05-13T14:24:12","date_gmt":"2025-05-13T17:24:12","guid":{"rendered":"https:\/\/pos.uel.br\/saudecoletiva\/?p=1970"},"modified":"2025-05-13T14:24:13","modified_gmt":"2025-05-13T17:24:13","slug":"ppg-em-saude-coletiva-promove-evento-em-parceiria-com-cosems-pr-sesa-pr-e-universidade-federal-do-parana","status":"publish","type":"post","link":"https:\/\/pos.uel.br\/saudecoletiva\/sem-categoria\/2025\/05\/13\/ppg-em-saude-coletiva-promove-evento-em-parceiria-com-cosems-pr-sesa-pr-e-universidade-federal-do-parana\/","title":{"rendered":"PPG em Sa\u00fade Coletiva promove evento em parceiria com Cosems-Pr, Sesa-Pr e Universidade Federal do Paran\u00e1"},"content":{"rendered":"\n<p>&nbsp;A&nbsp;Universidade Estadual de Londrina, representada pelo GestSUS, em parceria com o COSEMS-PR, SESA-PR e o Programa de Mestrado da UFPR tem a honra de realizar a I Mostra Progest\u00e3o Paran\u00e1. A Mostra tem o objetivo de Apresentar os resultados do PROGRAMA DE QUALIFICA\u00c7\u00c3O E APOIO \u00c0S EQUIPES MUNICIPAIS DE PLANEJAMENTO E GEST\u00c3O (PROGEST\u00c3O), por meio de exposi\u00e7\u00f5es de experi\u00eancias exitosas e a promo\u00e7\u00e3o de um espa\u00e7o ampliado e compartilhado de saberes entre diferentes Macrorregi\u00f5es de Sa\u00fade.<\/p>\n\n\n\n<p>\u00a0\u00a0\u00a0\u00a0\u00a0\u00a0O evento \u00e9 destinado, em especial, \u00e0s equipes gestoras municipais de sa\u00fade do Paran\u00e1 e equipes t\u00e9cnicas e de dirigentes das Regionais de Sa\u00fade, dos Cons\u00f3rcios P\u00fablicos e do Cosems\/PR que participaram do PROGEST\u00c3O. Por\u00e9m, salienta-se a import\u00e2ncia que todas as pessoas envolvidas direta ou indiretamente da gest\u00e3o do SUS participem das atividades.\u00a0 O evento ser\u00e1 100% gratuito. A Mostra ser\u00e1 evento realizada na cidade de Curitiba no dia 20 de maio de 2025 nas depend\u00eancias da Universidade Federal do Paran\u00e1.<\/p>\n\n\n\n<p>Para acessar a programa\u00e7\u00e3o <a href=\"https:\/\/sites.google.com\/view\/gestsus\/i-mostra-progest%C3%A3o?authuser=0\">clique aqui<\/a><\/p>\n\n\n\n<p><\/p>\n","protected":false},"excerpt":{"rendered":"<p>&nbsp;A&nbsp;Universidade Estadual de Londrina, representada pelo GestSUS, em parceria com o COSEMS-PR, SESA-PR e o Programa de Mestrado da UFPR tem a honra de realizar a I Mostra Progest\u00e3o Paran\u00e1. A Mostra tem o objetivo de Apresentar os resultados do PROGRAMA DE QUALIFICA\u00c7\u00c3O E APOIO \u00c0S EQUIPES MUNICIPAIS DE PLANEJAMENTO E GEST\u00c3O (PROGEST\u00c3O), por meio [&hellip;]<\/p>\n","protected":false},"author":8,"featured_media":0,"comment_status":"open","ping_status":"open","sticky":false,"template":"","format":"standard","meta":{"footnotes":""},"categories":[1],"tags":[],"class_list":["post-1970","post","type-post","status-publish","format-standard","hentry","category-sem-categoria"],"acf":[],"_links":{"self":[{"href":"https:\/\/pos.uel.br\/saudecoletiva\/wp-json\/wp\/v2\/posts\/1970","targetHints":{"allow":["GET"]}}],"collection":[{"href":"https:\/\/pos.uel.br\/saudecoletiva\/wp-json\/wp\/v2\/posts"}],"about":[{"href":"https:\/\/pos.uel.br\/saudecoletiva\/wp-json\/wp\/v2\/types\/post"}],"author":[{"embeddable":true,"href":"https:\/\/pos.uel.br\/saudecoletiva\/wp-json\/wp\/v2\/users\/8"}],"replies":[{"embeddable":true,"href":"https:\/\/pos.uel.br\/saudecoletiva\/wp-json\/wp\/v2\/comments?post=1970"}],"version-history":[{"count":1,"href":"https:\/\/pos.uel.br\/saudecoletiva\/wp-json\/wp\/v2\/posts\/1970\/revisions"}],"predecessor-version":[{"id":1971,"href":"https:\/\/pos.uel.br\/saudecoletiva\/wp-json\/wp\/v2\/posts\/1970\/revisions\/1971"}],"wp:attachment":[{"href":"https:\/\/pos.uel.br\/saudecoletiva\/wp-json\/wp\/v2\/media?parent=1970"}],"wp:term":[{"taxonomy":"category","embeddable":true,"href":"https:\/\/pos.uel.br\/saudecoletiva\/wp-json\/wp\/v2\/categories?post=1970"},{"taxonomy":"post_tag","embeddable":true,"href":"https:\/\/pos.uel.br\/saudecoletiva\/wp-json\/wp\/v2\/tags?post=1970"}],"curies":[{"name":"wp","href":"https:\/\/api.w.org\/{rel}","templated":true}]}}