{"id":1889,"date":"2024-12-11T07:31:59","date_gmt":"2024-12-11T10:31:59","guid":{"rendered":"https:\/\/pos.uel.br\/saudecoletiva\/?p=1889"},"modified":"2024-12-11T07:31:59","modified_gmt":"2024-12-11T10:31:59","slug":"acontece-nessa-sexta-feira-dia-13-a-oficina-de-planejamento-e-auto-avaliacao-do-programa-de-pos-graduacao-em-saude-coletiva","status":"publish","type":"post","link":"https:\/\/pos.uel.br\/saudecoletiva\/sem-categoria\/2024\/12\/11\/acontece-nessa-sexta-feira-dia-13-a-oficina-de-planejamento-e-auto-avaliacao-do-programa-de-pos-graduacao-em-saude-coletiva\/","title":{"rendered":"Acontece nessa sexta-feira, dia 13, a oficina de Planejamento e Auto avalia\u00e7\u00e3o do Programa de P\u00f3s-Gradua\u00e7\u00e3o em Sa\u00fade Coletiva."},"content":{"rendered":"\n<figure class=\"wp-block-image size-large\"><img loading=\"lazy\" decoding=\"async\" width=\"1013\" height=\"1024\" src=\"https:\/\/pos.uel.br\/saudecoletiva\/wp-content\/uploads\/2024\/12\/WhatsApp-Image-2024-12-05-at-17.56.01-1013x1024.jpeg\" alt=\"\" class=\"wp-image-1890\" srcset=\"https:\/\/pos.uel.br\/saudecoletiva\/wp-content\/uploads\/2024\/12\/WhatsApp-Image-2024-12-05-at-17.56.01-1013x1024.jpeg 1013w, https:\/\/pos.uel.br\/saudecoletiva\/wp-content\/uploads\/2024\/12\/WhatsApp-Image-2024-12-05-at-17.56.01-297x300.jpeg 297w, https:\/\/pos.uel.br\/saudecoletiva\/wp-content\/uploads\/2024\/12\/WhatsApp-Image-2024-12-05-at-17.56.01-768x777.jpeg 768w, https:\/\/pos.uel.br\/saudecoletiva\/wp-content\/uploads\/2024\/12\/WhatsApp-Image-2024-12-05-at-17.56.01.jpeg 1080w\" sizes=\"auto, (max-width: 1013px) 100vw, 1013px\" \/><\/figure>\n","protected":false},"excerpt":{"rendered":"","protected":false},"author":8,"featured_media":0,"comment_status":"open","ping_status":"open","sticky":false,"template":"","format":"standard","meta":{"footnotes":""},"categories":[1],"tags":[],"class_list":["post-1889","post","type-post","status-publish","format-standard","hentry","category-sem-categoria"],"acf":[],"_links":{"self":[{"href":"https:\/\/pos.uel.br\/saudecoletiva\/wp-json\/wp\/v2\/posts\/1889","targetHints":{"allow":["GET"]}}],"collection":[{"href":"https:\/\/pos.uel.br\/saudecoletiva\/wp-json\/wp\/v2\/posts"}],"about":[{"href":"https:\/\/pos.uel.br\/saudecoletiva\/wp-json\/wp\/v2\/types\/post"}],"author":[{"embeddable":true,"href":"https:\/\/pos.uel.br\/saudecoletiva\/wp-json\/wp\/v2\/users\/8"}],"replies":[{"embeddable":true,"href":"https:\/\/pos.uel.br\/saudecoletiva\/wp-json\/wp\/v2\/comments?post=1889"}],"version-history":[{"count":1,"href":"https:\/\/pos.uel.br\/saudecoletiva\/wp-json\/wp\/v2\/posts\/1889\/revisions"}],"predecessor-version":[{"id":1891,"href":"https:\/\/pos.uel.br\/saudecoletiva\/wp-json\/wp\/v2\/posts\/1889\/revisions\/1891"}],"wp:attachment":[{"href":"https:\/\/pos.uel.br\/saudecoletiva\/wp-json\/wp\/v2\/media?parent=1889"}],"wp:term":[{"taxonomy":"category","embeddable":true,"href":"https:\/\/pos.uel.br\/saudecoletiva\/wp-json\/wp\/v2\/categories?post=1889"},{"taxonomy":"post_tag","embeddable":true,"href":"https:\/\/pos.uel.br\/saudecoletiva\/wp-json\/wp\/v2\/tags?post=1889"}],"curies":[{"name":"wp","href":"https:\/\/api.w.org\/{rel}","templated":true}]}}