{"id":1886,"date":"2024-12-11T07:28:48","date_gmt":"2024-12-11T10:28:48","guid":{"rendered":"https:\/\/pos.uel.br\/saudecoletiva\/?p=1886"},"modified":"2024-12-11T07:28:48","modified_gmt":"2024-12-11T10:28:48","slug":"ja-se-encontra-disponivel-a-submissao-de-propostas-de-projeto-para-o-programa-institucional-de-pesquisa-universal-basica-e-aplicada-da-universidade-estadual-de-londrina","status":"publish","type":"post","link":"https:\/\/pos.uel.br\/saudecoletiva\/sem-categoria\/2024\/12\/11\/ja-se-encontra-disponivel-a-submissao-de-propostas-de-projeto-para-o-programa-institucional-de-pesquisa-universal-basica-e-aplicada-da-universidade-estadual-de-londrina\/","title":{"rendered":"J\u00e1 se encontra dispon\u00edvel a submiss\u00e3o de propostas de projeto para o Programa Institucional de Pesquisa Universal (B\u00e1sica e Aplicada) da Universidade Estadual de Londrina."},"content":{"rendered":"\n<p>Acesse o edital<\/p>\n\n\n\n<div data-wp-interactive=\"core\/file\" class=\"wp-block-file\"><object data-wp-bind--hidden=\"!state.hasPdfPreview\" hidden class=\"wp-block-file__embed\" data=\"https:\/\/pos.uel.br\/saudecoletiva\/wp-content\/uploads\/2024\/12\/Edital-PROPPG-PBA-2024.pdf\" type=\"application\/pdf\" style=\"width:100%;height:600px\" aria-label=\"Incorporado de Edital-PROPPG-PBA-2024.\"><\/object><a id=\"wp-block-file--media-282f4e52-078f-4832-875c-cb7923aee4c3\" href=\"https:\/\/pos.uel.br\/saudecoletiva\/wp-content\/uploads\/2024\/12\/Edital-PROPPG-PBA-2024.pdf\">Edital-PROPPG-PBA-2024<\/a><a href=\"https:\/\/pos.uel.br\/saudecoletiva\/wp-content\/uploads\/2024\/12\/Edital-PROPPG-PBA-2024.pdf\" class=\"wp-block-file__button wp-element-button\" download aria-describedby=\"wp-block-file--media-282f4e52-078f-4832-875c-cb7923aee4c3\">Baixar<\/a><\/div>\n","protected":false},"excerpt":{"rendered":"<p>Acesse o edital<\/p>\n","protected":false},"author":8,"featured_media":0,"comment_status":"open","ping_status":"open","sticky":false,"template":"","format":"standard","meta":{"footnotes":""},"categories":[1],"tags":[],"class_list":["post-1886","post","type-post","status-publish","format-standard","hentry","category-sem-categoria"],"acf":[],"_links":{"self":[{"href":"https:\/\/pos.uel.br\/saudecoletiva\/wp-json\/wp\/v2\/posts\/1886","targetHints":{"allow":["GET"]}}],"collection":[{"href":"https:\/\/pos.uel.br\/saudecoletiva\/wp-json\/wp\/v2\/posts"}],"about":[{"href":"https:\/\/pos.uel.br\/saudecoletiva\/wp-json\/wp\/v2\/types\/post"}],"author":[{"embeddable":true,"href":"https:\/\/pos.uel.br\/saudecoletiva\/wp-json\/wp\/v2\/users\/8"}],"replies":[{"embeddable":true,"href":"https:\/\/pos.uel.br\/saudecoletiva\/wp-json\/wp\/v2\/comments?post=1886"}],"version-history":[{"count":1,"href":"https:\/\/pos.uel.br\/saudecoletiva\/wp-json\/wp\/v2\/posts\/1886\/revisions"}],"predecessor-version":[{"id":1888,"href":"https:\/\/pos.uel.br\/saudecoletiva\/wp-json\/wp\/v2\/posts\/1886\/revisions\/1888"}],"wp:attachment":[{"href":"https:\/\/pos.uel.br\/saudecoletiva\/wp-json\/wp\/v2\/media?parent=1886"}],"wp:term":[{"taxonomy":"category","embeddable":true,"href":"https:\/\/pos.uel.br\/saudecoletiva\/wp-json\/wp\/v2\/categories?post=1886"},{"taxonomy":"post_tag","embeddable":true,"href":"https:\/\/pos.uel.br\/saudecoletiva\/wp-json\/wp\/v2\/tags?post=1886"}],"curies":[{"name":"wp","href":"https:\/\/api.w.org\/{rel}","templated":true}]}}