{"id":1884,"date":"2024-12-11T07:20:41","date_gmt":"2024-12-11T10:20:41","guid":{"rendered":"https:\/\/pos.uel.br\/saudecoletiva\/?p=1884"},"modified":"2024-12-11T07:20:41","modified_gmt":"2024-12-11T10:20:41","slug":"atencao-ate-15-de-janeiro-de-2025-a-revista-ciencia-saude-coletiva-estara-recebendo-artigos-tematicos-sobre-a-gestao-do-trabalho-e-da-educacao-na-saude-gente-que-faz-o-sus-acontecer","status":"publish","type":"post","link":"https:\/\/pos.uel.br\/saudecoletiva\/sem-categoria\/2024\/12\/11\/atencao-ate-15-de-janeiro-de-2025-a-revista-ciencia-saude-coletiva-estara-recebendo-artigos-tematicos-sobre-a-gestao-do-trabalho-e-da-educacao-na-saude-gente-que-faz-o-sus-acontecer\/","title":{"rendered":"Aten\u00e7\u00e3o, at\u00e9 15 de janeiro de 2025, a revista Ci\u00eancia &amp; Sa\u00fade Coletiva estar\u00e1 recebendo artigos tem\u00e1ticos sobre a Gest\u00e3o do Trabalho e da Educa\u00e7\u00e3o na Sa\u00fade: gente que faz o SUS acontecer."},"content":{"rendered":"\n<p>Aproveite a oportunidade e submeta sua proposta. <a href=\"https:\/\/cienciaesaudecoletiva.com.br\/chamada-publica\/gestao-do-trabalho-e-da-educacao-na-saude-gente-que-faz-o-sus-acontecer\/241\">Clique aqui<\/a><\/p>\n\n\n\n<p><\/p>\n","protected":false},"excerpt":{"rendered":"<p>Aproveite a oportunidade e submeta sua proposta. Clique aqui<\/p>\n","protected":false},"author":8,"featured_media":0,"comment_status":"open","ping_status":"open","sticky":false,"template":"","format":"standard","meta":{"footnotes":""},"categories":[1],"tags":[],"class_list":["post-1884","post","type-post","status-publish","format-standard","hentry","category-sem-categoria"],"acf":[],"_links":{"self":[{"href":"https:\/\/pos.uel.br\/saudecoletiva\/wp-json\/wp\/v2\/posts\/1884","targetHints":{"allow":["GET"]}}],"collection":[{"href":"https:\/\/pos.uel.br\/saudecoletiva\/wp-json\/wp\/v2\/posts"}],"about":[{"href":"https:\/\/pos.uel.br\/saudecoletiva\/wp-json\/wp\/v2\/types\/post"}],"author":[{"embeddable":true,"href":"https:\/\/pos.uel.br\/saudecoletiva\/wp-json\/wp\/v2\/users\/8"}],"replies":[{"embeddable":true,"href":"https:\/\/pos.uel.br\/saudecoletiva\/wp-json\/wp\/v2\/comments?post=1884"}],"version-history":[{"count":1,"href":"https:\/\/pos.uel.br\/saudecoletiva\/wp-json\/wp\/v2\/posts\/1884\/revisions"}],"predecessor-version":[{"id":1885,"href":"https:\/\/pos.uel.br\/saudecoletiva\/wp-json\/wp\/v2\/posts\/1884\/revisions\/1885"}],"wp:attachment":[{"href":"https:\/\/pos.uel.br\/saudecoletiva\/wp-json\/wp\/v2\/media?parent=1884"}],"wp:term":[{"taxonomy":"category","embeddable":true,"href":"https:\/\/pos.uel.br\/saudecoletiva\/wp-json\/wp\/v2\/categories?post=1884"},{"taxonomy":"post_tag","embeddable":true,"href":"https:\/\/pos.uel.br\/saudecoletiva\/wp-json\/wp\/v2\/tags?post=1884"}],"curies":[{"name":"wp","href":"https:\/\/api.w.org\/{rel}","templated":true}]}}