{"id":1882,"date":"2024-12-11T07:18:17","date_gmt":"2024-12-11T10:18:17","guid":{"rendered":"https:\/\/pos.uel.br\/saudecoletiva\/?p=1882"},"modified":"2024-12-11T07:18:17","modified_gmt":"2024-12-11T10:18:17","slug":"a-revista-ciencia-saude-coletiva-lanca-uma-chamada-de-artigos-sobre-os-20-anos-da-politica-nacional-de-atencao-basica-no-brasil","status":"publish","type":"post","link":"https:\/\/pos.uel.br\/saudecoletiva\/sem-categoria\/2024\/12\/11\/a-revista-ciencia-saude-coletiva-lanca-uma-chamada-de-artigos-sobre-os-20-anos-da-politica-nacional-de-atencao-basica-no-brasil\/","title":{"rendered":"A revista Ci\u00eancia &amp; Sa\u00fade Coletiva lan\u00e7a uma chamada de artigos sobre os 20 anos da Pol\u00edtica Nacional de Aten\u00e7\u00e3o B\u00e1sica no Brasil."},"content":{"rendered":"\n<p>O prazo para a submiss\u00e3o das propostas v\u00e3o at\u00e9<strong> 05 de abril.<\/strong> Para acessar a chamada<a href=\"https:\/\/cienciaesaudecoletiva.com.br\/chamada-publica\/20-anos-da-politica-nacional-de-atencao-basica-no-brasil\/246\"> clique aqui<\/a><\/p>\n\n\n\n<p><\/p>\n","protected":false},"excerpt":{"rendered":"<p>O prazo para a submiss\u00e3o das propostas v\u00e3o at\u00e9 05 de abril. Para acessar a chamada clique aqui<\/p>\n","protected":false},"author":8,"featured_media":0,"comment_status":"open","ping_status":"open","sticky":false,"template":"","format":"standard","meta":{"footnotes":""},"categories":[1],"tags":[],"class_list":["post-1882","post","type-post","status-publish","format-standard","hentry","category-sem-categoria"],"acf":[],"_links":{"self":[{"href":"https:\/\/pos.uel.br\/saudecoletiva\/wp-json\/wp\/v2\/posts\/1882","targetHints":{"allow":["GET"]}}],"collection":[{"href":"https:\/\/pos.uel.br\/saudecoletiva\/wp-json\/wp\/v2\/posts"}],"about":[{"href":"https:\/\/pos.uel.br\/saudecoletiva\/wp-json\/wp\/v2\/types\/post"}],"author":[{"embeddable":true,"href":"https:\/\/pos.uel.br\/saudecoletiva\/wp-json\/wp\/v2\/users\/8"}],"replies":[{"embeddable":true,"href":"https:\/\/pos.uel.br\/saudecoletiva\/wp-json\/wp\/v2\/comments?post=1882"}],"version-history":[{"count":1,"href":"https:\/\/pos.uel.br\/saudecoletiva\/wp-json\/wp\/v2\/posts\/1882\/revisions"}],"predecessor-version":[{"id":1883,"href":"https:\/\/pos.uel.br\/saudecoletiva\/wp-json\/wp\/v2\/posts\/1882\/revisions\/1883"}],"wp:attachment":[{"href":"https:\/\/pos.uel.br\/saudecoletiva\/wp-json\/wp\/v2\/media?parent=1882"}],"wp:term":[{"taxonomy":"category","embeddable":true,"href":"https:\/\/pos.uel.br\/saudecoletiva\/wp-json\/wp\/v2\/categories?post=1882"},{"taxonomy":"post_tag","embeddable":true,"href":"https:\/\/pos.uel.br\/saudecoletiva\/wp-json\/wp\/v2\/tags?post=1882"}],"curies":[{"name":"wp","href":"https:\/\/api.w.org\/{rel}","templated":true}]}}