{"id":1880,"date":"2024-12-11T07:14:56","date_gmt":"2024-12-11T10:14:56","guid":{"rendered":"https:\/\/pos.uel.br\/saudecoletiva\/?p=1880"},"modified":"2024-12-11T07:14:56","modified_gmt":"2024-12-11T10:14:56","slug":"publicada-a-chamada-cnpq-mcti-fndct-no-44-2024-universal","status":"publish","type":"post","link":"https:\/\/pos.uel.br\/saudecoletiva\/sem-categoria\/2024\/12\/11\/publicada-a-chamada-cnpq-mcti-fndct-no-44-2024-universal\/","title":{"rendered":"Publicada a chamada CNPq\/MCTI\/FNDCT N\u00ba 44\/2024 &#8211; UNIVERSAL"},"content":{"rendered":"\n<p>A chamada visa apoiar projetos de pesquisa que visem contribuir significativamente para o desenvolvimento cient\u00edfico e tecnol\u00f3gico e a inova\u00e7\u00e3o do Pa\u00eds, em qualquer \u00e1rea do conhecimento. O Prazo de submiss\u00e3o \u00e9 at\u00e9 <strong>31 de janeiro de 2025<\/strong>. Para acessar o edital <em><a href=\"http:\/\/memoria2.cnpq.br\/web\/guest\/chamadas-publicas?p_p_id=resultadosportlet_WAR_resultadoscnpqportlet_INSTANCE_0ZaM&amp;filtro=abertas&amp;detalha=chamadaDivulgada&amp;idDivulgacao=12645\">clique aqui<\/a><\/em><\/p>\n\n\n\n<p><\/p>\n","protected":false},"excerpt":{"rendered":"<p>A chamada visa apoiar projetos de pesquisa que visem contribuir significativamente para o desenvolvimento cient\u00edfico e tecnol\u00f3gico e a inova\u00e7\u00e3o do Pa\u00eds, em qualquer \u00e1rea do conhecimento. O Prazo de submiss\u00e3o \u00e9 at\u00e9 31 de janeiro de 2025. Para acessar o edital clique aqui<\/p>\n","protected":false},"author":8,"featured_media":0,"comment_status":"open","ping_status":"open","sticky":false,"template":"","format":"standard","meta":{"footnotes":""},"categories":[1],"tags":[],"class_list":["post-1880","post","type-post","status-publish","format-standard","hentry","category-sem-categoria"],"acf":[],"_links":{"self":[{"href":"https:\/\/pos.uel.br\/saudecoletiva\/wp-json\/wp\/v2\/posts\/1880","targetHints":{"allow":["GET"]}}],"collection":[{"href":"https:\/\/pos.uel.br\/saudecoletiva\/wp-json\/wp\/v2\/posts"}],"about":[{"href":"https:\/\/pos.uel.br\/saudecoletiva\/wp-json\/wp\/v2\/types\/post"}],"author":[{"embeddable":true,"href":"https:\/\/pos.uel.br\/saudecoletiva\/wp-json\/wp\/v2\/users\/8"}],"replies":[{"embeddable":true,"href":"https:\/\/pos.uel.br\/saudecoletiva\/wp-json\/wp\/v2\/comments?post=1880"}],"version-history":[{"count":1,"href":"https:\/\/pos.uel.br\/saudecoletiva\/wp-json\/wp\/v2\/posts\/1880\/revisions"}],"predecessor-version":[{"id":1881,"href":"https:\/\/pos.uel.br\/saudecoletiva\/wp-json\/wp\/v2\/posts\/1880\/revisions\/1881"}],"wp:attachment":[{"href":"https:\/\/pos.uel.br\/saudecoletiva\/wp-json\/wp\/v2\/media?parent=1880"}],"wp:term":[{"taxonomy":"category","embeddable":true,"href":"https:\/\/pos.uel.br\/saudecoletiva\/wp-json\/wp\/v2\/categories?post=1880"},{"taxonomy":"post_tag","embeddable":true,"href":"https:\/\/pos.uel.br\/saudecoletiva\/wp-json\/wp\/v2\/tags?post=1880"}],"curies":[{"name":"wp","href":"https:\/\/api.w.org\/{rel}","templated":true}]}}