{"id":1815,"date":"2024-10-17T09:30:27","date_gmt":"2024-10-17T12:30:27","guid":{"rendered":"https:\/\/pos.uel.br\/saudecoletiva\/?p=1815"},"modified":"2024-10-17T09:30:27","modified_gmt":"2024-10-17T12:30:27","slug":"iniciamos-no-dia-15-de-outubro-o-processo-de-autoavaliacao-do-programa","status":"publish","type":"post","link":"https:\/\/pos.uel.br\/saudecoletiva\/sem-categoria\/2024\/10\/17\/iniciamos-no-dia-15-de-outubro-o-processo-de-autoavaliacao-do-programa\/","title":{"rendered":"Iniciamos no dia 15 de outubro o processo de autoavalia\u00e7\u00e3o do programa."},"content":{"rendered":"\n<p>.<\/p>\n\n\n\n<div class=\"wp-block-columns is-layout-flex wp-container-core-columns-is-layout-9d6595d7 wp-block-columns-is-layout-flex\">\n<div class=\"wp-block-column is-layout-flow wp-block-column-is-layout-flow\" style=\"flex-basis:100%\">\n<div class=\"wp-block-media-text is-stacked-on-mobile\" style=\"grid-template-columns:29% auto\"><figure class=\"wp-block-media-text__media\"><img loading=\"lazy\" decoding=\"async\" width=\"1024\" height=\"1024\" src=\"https:\/\/pos.uel.br\/saudecoletiva\/wp-content\/uploads\/2024\/10\/Texto-do-seu-paragrafo-1-1024x1024.png\" alt=\"\" class=\"wp-image-1816 size-full\" srcset=\"https:\/\/pos.uel.br\/saudecoletiva\/wp-content\/uploads\/2024\/10\/Texto-do-seu-paragrafo-1-1024x1024.png 1024w, https:\/\/pos.uel.br\/saudecoletiva\/wp-content\/uploads\/2024\/10\/Texto-do-seu-paragrafo-1-300x300.png 300w, https:\/\/pos.uel.br\/saudecoletiva\/wp-content\/uploads\/2024\/10\/Texto-do-seu-paragrafo-1-150x150.png 150w, https:\/\/pos.uel.br\/saudecoletiva\/wp-content\/uploads\/2024\/10\/Texto-do-seu-paragrafo-1-768x768.png 768w, https:\/\/pos.uel.br\/saudecoletiva\/wp-content\/uploads\/2024\/10\/Texto-do-seu-paragrafo-1.png 1080w\" sizes=\"auto, (max-width: 1024px) 100vw, 1024px\" \/><\/figure><div class=\"wp-block-media-text__content\">\n<p><strong>Docentes, discentes e egressos, contamos com sua colabora\u00e7\u00e3o preenchendo os instrumentos dispon\u00edvel no link: <a href=\"https:\/\/pos.uel.br\/saudecoletiva\/auto-avaliacao-do-programa\/\">Auto-avalia\u00e7\u00e3o do programa \u2013 P\u00f3s Gradua\u00e7\u00e3o em Sa\u00fade Coletiva (uel.br)<\/a>. N\u00e3o fique de fora e ajude o programa a ser tornar ainda melhor<\/strong>!<\/p>\n<\/div><\/div>\n<\/div>\n<\/div>\n\n\n\n<p><\/p>\n","protected":false},"excerpt":{"rendered":"<p>. Docentes, discentes e egressos, contamos com sua colabora\u00e7\u00e3o preenchendo os instrumentos dispon\u00edvel no link: Auto-avalia\u00e7\u00e3o do programa \u2013 P\u00f3s Gradua\u00e7\u00e3o em Sa\u00fade Coletiva (uel.br). N\u00e3o fique de fora e ajude o programa a ser tornar ainda melhor!<\/p>\n","protected":false},"author":8,"featured_media":0,"comment_status":"open","ping_status":"open","sticky":false,"template":"","format":"standard","meta":{"footnotes":""},"categories":[1],"tags":[],"class_list":["post-1815","post","type-post","status-publish","format-standard","hentry","category-sem-categoria"],"acf":[],"_links":{"self":[{"href":"https:\/\/pos.uel.br\/saudecoletiva\/wp-json\/wp\/v2\/posts\/1815","targetHints":{"allow":["GET"]}}],"collection":[{"href":"https:\/\/pos.uel.br\/saudecoletiva\/wp-json\/wp\/v2\/posts"}],"about":[{"href":"https:\/\/pos.uel.br\/saudecoletiva\/wp-json\/wp\/v2\/types\/post"}],"author":[{"embeddable":true,"href":"https:\/\/pos.uel.br\/saudecoletiva\/wp-json\/wp\/v2\/users\/8"}],"replies":[{"embeddable":true,"href":"https:\/\/pos.uel.br\/saudecoletiva\/wp-json\/wp\/v2\/comments?post=1815"}],"version-history":[{"count":1,"href":"https:\/\/pos.uel.br\/saudecoletiva\/wp-json\/wp\/v2\/posts\/1815\/revisions"}],"predecessor-version":[{"id":1817,"href":"https:\/\/pos.uel.br\/saudecoletiva\/wp-json\/wp\/v2\/posts\/1815\/revisions\/1817"}],"wp:attachment":[{"href":"https:\/\/pos.uel.br\/saudecoletiva\/wp-json\/wp\/v2\/media?parent=1815"}],"wp:term":[{"taxonomy":"category","embeddable":true,"href":"https:\/\/pos.uel.br\/saudecoletiva\/wp-json\/wp\/v2\/categories?post=1815"},{"taxonomy":"post_tag","embeddable":true,"href":"https:\/\/pos.uel.br\/saudecoletiva\/wp-json\/wp\/v2\/tags?post=1815"}],"curies":[{"name":"wp","href":"https:\/\/api.w.org\/{rel}","templated":true}]}}