{"id":1587,"date":"2024-02-19T20:08:31","date_gmt":"2024-02-19T23:08:31","guid":{"rendered":"https:\/\/pos.uel.br\/saudecoletiva\/?p=1587"},"modified":"2024-02-19T20:08:32","modified_gmt":"2024-02-19T23:08:32","slug":"ii-seminario-macrorregional-de-gestao-em-saude-do-parana-e-a-i-mostra-cientifica-e-de-experiencias-da-pos-graduacao-de-saude-coletiva","status":"publish","type":"post","link":"https:\/\/pos.uel.br\/saudecoletiva\/sem-categoria\/2024\/02\/19\/ii-seminario-macrorregional-de-gestao-em-saude-do-parana-e-a-i-mostra-cientifica-e-de-experiencias-da-pos-graduacao-de-saude-coletiva\/","title":{"rendered":"II Semin\u00e1rio Macrorregional de Gest\u00e3o em Sa\u00fade do Paran\u00e1\u00a0e a\u00a0I Mostra Cient\u00edfica e de Experi\u00eancias da P\u00f3s Gradua\u00e7\u00e3o de Sa\u00fade Coletiva\u00a0"},"content":{"rendered":"\n<p>Para acessar o site do evento <a href=\"https:\/\/sites.google.com\/view\/seminariogestaodesaude\">clique aqui<\/a><\/p>\n\n\n\n<figure class=\"wp-block-image size-large\"><img loading=\"lazy\" decoding=\"async\" width=\"1024\" height=\"1024\" src=\"https:\/\/pos.uel.br\/saudecoletiva\/wp-content\/uploads\/2024\/02\/Logoevento-1024x1024.jpg\" alt=\"\" class=\"wp-image-1584\" srcset=\"https:\/\/pos.uel.br\/saudecoletiva\/wp-content\/uploads\/2024\/02\/Logoevento-1024x1024.jpg 1024w, https:\/\/pos.uel.br\/saudecoletiva\/wp-content\/uploads\/2024\/02\/Logoevento-300x300.jpg 300w, https:\/\/pos.uel.br\/saudecoletiva\/wp-content\/uploads\/2024\/02\/Logoevento-150x150.jpg 150w, https:\/\/pos.uel.br\/saudecoletiva\/wp-content\/uploads\/2024\/02\/Logoevento-768x768.jpg 768w, https:\/\/pos.uel.br\/saudecoletiva\/wp-content\/uploads\/2024\/02\/Logoevento.jpg 1080w\" sizes=\"auto, (max-width: 1024px) 100vw, 1024px\" \/><\/figure>\n","protected":false},"excerpt":{"rendered":"<p>Para acessar o site do evento clique aqui<\/p>\n","protected":false},"author":8,"featured_media":0,"comment_status":"open","ping_status":"open","sticky":false,"template":"","format":"standard","meta":{"footnotes":""},"categories":[1],"tags":[],"class_list":["post-1587","post","type-post","status-publish","format-standard","hentry","category-sem-categoria"],"acf":[],"_links":{"self":[{"href":"https:\/\/pos.uel.br\/saudecoletiva\/wp-json\/wp\/v2\/posts\/1587","targetHints":{"allow":["GET"]}}],"collection":[{"href":"https:\/\/pos.uel.br\/saudecoletiva\/wp-json\/wp\/v2\/posts"}],"about":[{"href":"https:\/\/pos.uel.br\/saudecoletiva\/wp-json\/wp\/v2\/types\/post"}],"author":[{"embeddable":true,"href":"https:\/\/pos.uel.br\/saudecoletiva\/wp-json\/wp\/v2\/users\/8"}],"replies":[{"embeddable":true,"href":"https:\/\/pos.uel.br\/saudecoletiva\/wp-json\/wp\/v2\/comments?post=1587"}],"version-history":[{"count":1,"href":"https:\/\/pos.uel.br\/saudecoletiva\/wp-json\/wp\/v2\/posts\/1587\/revisions"}],"predecessor-version":[{"id":1588,"href":"https:\/\/pos.uel.br\/saudecoletiva\/wp-json\/wp\/v2\/posts\/1587\/revisions\/1588"}],"wp:attachment":[{"href":"https:\/\/pos.uel.br\/saudecoletiva\/wp-json\/wp\/v2\/media?parent=1587"}],"wp:term":[{"taxonomy":"category","embeddable":true,"href":"https:\/\/pos.uel.br\/saudecoletiva\/wp-json\/wp\/v2\/categories?post=1587"},{"taxonomy":"post_tag","embeddable":true,"href":"https:\/\/pos.uel.br\/saudecoletiva\/wp-json\/wp\/v2\/tags?post=1587"}],"curies":[{"name":"wp","href":"https:\/\/api.w.org\/{rel}","templated":true}]}}