{"id":1581,"date":"2024-02-19T18:58:52","date_gmt":"2024-02-19T21:58:52","guid":{"rendered":"https:\/\/pos.uel.br\/saudecoletiva\/?p=1581"},"modified":"2024-02-19T19:01:41","modified_gmt":"2024-02-19T22:01:41","slug":"o-ppg-em-saude-coletiva-e-o-departamento-de-saude-coletiva-lancam-no-dia-de-hoje-19-02-2024-o-site-do-ii-seminario-macrorregional-de-gestao-em-saude-do-parana-e-i-mostra-cientifica-e-de-experiencias","status":"publish","type":"post","link":"https:\/\/pos.uel.br\/saudecoletiva\/sem-categoria\/2024\/02\/19\/o-ppg-em-saude-coletiva-e-o-departamento-de-saude-coletiva-lancam-no-dia-de-hoje-19-02-2024-o-site-do-ii-seminario-macrorregional-de-gestao-em-saude-do-parana-e-i-mostra-cientifica-e-de-experiencias\/","title":{"rendered":"O PPG em Sa\u00fade Coletiva e o Departamento de Sa\u00fade Coletiva lan\u00e7am no dia de hoje (19\/02\/2024) o site do II Semin\u00e1rio Macrorregional de Gest\u00e3o em Sa\u00fade do Paran\u00e1 e I Mostra Cient\u00edfica e de Experi\u00eancias da P\u00f3s-Gradua\u00e7\u00e3o de Sa\u00fade Coletiva."},"content":{"rendered":"\n<p>Para acessar o site do evento, <a href=\"https:\/\/sites.google.com\/view\/seminariogestaodesaude\">clique aqui<\/a><\/p>\n\n\n\n<figure class=\"wp-block-image size-large\"><img loading=\"lazy\" decoding=\"async\" width=\"1024\" height=\"1024\" src=\"https:\/\/pos.uel.br\/saudecoletiva\/wp-content\/uploads\/2024\/02\/Logoevento-1024x1024.jpg\" alt=\"\" class=\"wp-image-1584\" srcset=\"https:\/\/pos.uel.br\/saudecoletiva\/wp-content\/uploads\/2024\/02\/Logoevento-1024x1024.jpg 1024w, https:\/\/pos.uel.br\/saudecoletiva\/wp-content\/uploads\/2024\/02\/Logoevento-300x300.jpg 300w, https:\/\/pos.uel.br\/saudecoletiva\/wp-content\/uploads\/2024\/02\/Logoevento-150x150.jpg 150w, https:\/\/pos.uel.br\/saudecoletiva\/wp-content\/uploads\/2024\/02\/Logoevento-768x768.jpg 768w, https:\/\/pos.uel.br\/saudecoletiva\/wp-content\/uploads\/2024\/02\/Logoevento.jpg 1080w\" sizes=\"auto, (max-width: 1024px) 100vw, 1024px\" \/><\/figure>\n","protected":false},"excerpt":{"rendered":"<p>Para acessar o site do evento, clique aqui<\/p>\n","protected":false},"author":8,"featured_media":0,"comment_status":"open","ping_status":"open","sticky":false,"template":"","format":"standard","meta":{"footnotes":""},"categories":[1],"tags":[],"class_list":["post-1581","post","type-post","status-publish","format-standard","hentry","category-sem-categoria"],"acf":[],"_links":{"self":[{"href":"https:\/\/pos.uel.br\/saudecoletiva\/wp-json\/wp\/v2\/posts\/1581","targetHints":{"allow":["GET"]}}],"collection":[{"href":"https:\/\/pos.uel.br\/saudecoletiva\/wp-json\/wp\/v2\/posts"}],"about":[{"href":"https:\/\/pos.uel.br\/saudecoletiva\/wp-json\/wp\/v2\/types\/post"}],"author":[{"embeddable":true,"href":"https:\/\/pos.uel.br\/saudecoletiva\/wp-json\/wp\/v2\/users\/8"}],"replies":[{"embeddable":true,"href":"https:\/\/pos.uel.br\/saudecoletiva\/wp-json\/wp\/v2\/comments?post=1581"}],"version-history":[{"count":2,"href":"https:\/\/pos.uel.br\/saudecoletiva\/wp-json\/wp\/v2\/posts\/1581\/revisions"}],"predecessor-version":[{"id":1585,"href":"https:\/\/pos.uel.br\/saudecoletiva\/wp-json\/wp\/v2\/posts\/1581\/revisions\/1585"}],"wp:attachment":[{"href":"https:\/\/pos.uel.br\/saudecoletiva\/wp-json\/wp\/v2\/media?parent=1581"}],"wp:term":[{"taxonomy":"category","embeddable":true,"href":"https:\/\/pos.uel.br\/saudecoletiva\/wp-json\/wp\/v2\/categories?post=1581"},{"taxonomy":"post_tag","embeddable":true,"href":"https:\/\/pos.uel.br\/saudecoletiva\/wp-json\/wp\/v2\/tags?post=1581"}],"curies":[{"name":"wp","href":"https:\/\/api.w.org\/{rel}","templated":true}]}}