{"id":1505,"date":"2023-11-16T16:02:47","date_gmt":"2023-11-16T19:02:47","guid":{"rendered":"https:\/\/pos.uel.br\/saudecoletiva\/?p=1505"},"modified":"2023-11-16T16:04:08","modified_gmt":"2023-11-16T19:04:08","slug":"lancamento-de-livro","status":"publish","type":"post","link":"https:\/\/pos.uel.br\/saudecoletiva\/sem-categoria\/2023\/11\/16\/lancamento-de-livro\/","title":{"rendered":"Lan\u00e7amento de livro"},"content":{"rendered":"\n<p>O grupo de Pesquisa GestSUS lan\u00e7ou no Congresso Sul, Sudeste e Centro-Oeste de Secretarias Municipais de Sa\u00fade o livro &#8220;Progest\u00e3o: Programa de qualifica\u00e7\u00e3o e apoio \u00e0s equipes municipais de planejamento e gest\u00e3o em sa\u00fade. Para acessar o conte\u00fado, <a href=\"https:\/\/drive.google.com\/file\/d\/18BppWllF0S1E7MpeSP_78Au_vV_qk4Cu\/view\">clique aqui!<\/a> <\/p>\n\n\n\n<figure class=\"wp-block-image size-full is-style-rounded\"><img loading=\"lazy\" decoding=\"async\" width=\"577\" height=\"1024\" src=\"https:\/\/pos.uel.br\/saudecoletiva\/wp-content\/uploads\/2023\/11\/fatoprogesta\u0303o.jpg\" alt=\"\" class=\"wp-image-1506\" srcset=\"https:\/\/pos.uel.br\/saudecoletiva\/wp-content\/uploads\/2023\/11\/fatoprogesta\u0303o.jpg 577w, https:\/\/pos.uel.br\/saudecoletiva\/wp-content\/uploads\/2023\/11\/fatoprogesta\u0303o-169x300.jpg 169w\" sizes=\"auto, (max-width: 577px) 100vw, 577px\" \/><\/figure>\n\n\n\n<p><\/p>\n","protected":false},"excerpt":{"rendered":"<p>O grupo de Pesquisa GestSUS lan\u00e7ou no Congresso Sul, Sudeste e Centro-Oeste de Secretarias Municipais de Sa\u00fade o livro &#8220;Progest\u00e3o: Programa de qualifica\u00e7\u00e3o e apoio \u00e0s equipes municipais de planejamento e gest\u00e3o em sa\u00fade. Para acessar o conte\u00fado, clique aqui!<\/p>\n","protected":false},"author":8,"featured_media":0,"comment_status":"open","ping_status":"open","sticky":false,"template":"","format":"standard","meta":{"footnotes":""},"categories":[1],"tags":[],"class_list":["post-1505","post","type-post","status-publish","format-standard","hentry","category-sem-categoria"],"acf":[],"_links":{"self":[{"href":"https:\/\/pos.uel.br\/saudecoletiva\/wp-json\/wp\/v2\/posts\/1505","targetHints":{"allow":["GET"]}}],"collection":[{"href":"https:\/\/pos.uel.br\/saudecoletiva\/wp-json\/wp\/v2\/posts"}],"about":[{"href":"https:\/\/pos.uel.br\/saudecoletiva\/wp-json\/wp\/v2\/types\/post"}],"author":[{"embeddable":true,"href":"https:\/\/pos.uel.br\/saudecoletiva\/wp-json\/wp\/v2\/users\/8"}],"replies":[{"embeddable":true,"href":"https:\/\/pos.uel.br\/saudecoletiva\/wp-json\/wp\/v2\/comments?post=1505"}],"version-history":[{"count":2,"href":"https:\/\/pos.uel.br\/saudecoletiva\/wp-json\/wp\/v2\/posts\/1505\/revisions"}],"predecessor-version":[{"id":1508,"href":"https:\/\/pos.uel.br\/saudecoletiva\/wp-json\/wp\/v2\/posts\/1505\/revisions\/1508"}],"wp:attachment":[{"href":"https:\/\/pos.uel.br\/saudecoletiva\/wp-json\/wp\/v2\/media?parent=1505"}],"wp:term":[{"taxonomy":"category","embeddable":true,"href":"https:\/\/pos.uel.br\/saudecoletiva\/wp-json\/wp\/v2\/categories?post=1505"},{"taxonomy":"post_tag","embeddable":true,"href":"https:\/\/pos.uel.br\/saudecoletiva\/wp-json\/wp\/v2\/tags?post=1505"}],"curies":[{"name":"wp","href":"https:\/\/api.w.org\/{rel}","templated":true}]}}