{"id":1399,"date":"2023-06-19T15:59:53","date_gmt":"2023-06-19T18:59:53","guid":{"rendered":"https:\/\/pos.uel.br\/saudecoletiva\/?p=1399"},"modified":"2023-06-19T15:59:54","modified_gmt":"2023-06-19T18:59:54","slug":"com-a-suspensao-da-greve-as-aulas-da-pos-graduacao-em-saude-coletiva-retornam-a-partir-do-dia-26-de-junho","status":"publish","type":"post","link":"https:\/\/pos.uel.br\/saudecoletiva\/sem-categoria\/2023\/06\/19\/com-a-suspensao-da-greve-as-aulas-da-pos-graduacao-em-saude-coletiva-retornam-a-partir-do-dia-26-de-junho\/","title":{"rendered":"Com a suspens\u00e3o da greve as aulas da p\u00f3s-gradua\u00e7\u00e3o em sa\u00fade coletiva retornam a partir do dia 26 de junho."},"content":{"rendered":"\n<p>Com a suspens\u00e3o da greve, vamos retomar nossas atividades na <strong>Disciplina de Fundamentos<\/strong> na pr\u00f3xima semana. Nos dias<br>26 e 27\/06 no per\u00edodo da manh\u00e3 e 03 e 04\/07 no per\u00edodo matutino e vespertino. <\/p>\n","protected":false},"excerpt":{"rendered":"<p>Com a suspens\u00e3o da greve, vamos retomar nossas atividades na Disciplina de Fundamentos na pr\u00f3xima semana. Nos dias26 e 27\/06 no per\u00edodo da manh\u00e3 e 03 e 04\/07 no per\u00edodo matutino e vespertino.<\/p>\n","protected":false},"author":8,"featured_media":0,"comment_status":"open","ping_status":"open","sticky":false,"template":"","format":"standard","meta":{"footnotes":""},"categories":[1],"tags":[],"class_list":["post-1399","post","type-post","status-publish","format-standard","hentry","category-sem-categoria"],"acf":[],"_links":{"self":[{"href":"https:\/\/pos.uel.br\/saudecoletiva\/wp-json\/wp\/v2\/posts\/1399","targetHints":{"allow":["GET"]}}],"collection":[{"href":"https:\/\/pos.uel.br\/saudecoletiva\/wp-json\/wp\/v2\/posts"}],"about":[{"href":"https:\/\/pos.uel.br\/saudecoletiva\/wp-json\/wp\/v2\/types\/post"}],"author":[{"embeddable":true,"href":"https:\/\/pos.uel.br\/saudecoletiva\/wp-json\/wp\/v2\/users\/8"}],"replies":[{"embeddable":true,"href":"https:\/\/pos.uel.br\/saudecoletiva\/wp-json\/wp\/v2\/comments?post=1399"}],"version-history":[{"count":1,"href":"https:\/\/pos.uel.br\/saudecoletiva\/wp-json\/wp\/v2\/posts\/1399\/revisions"}],"predecessor-version":[{"id":1400,"href":"https:\/\/pos.uel.br\/saudecoletiva\/wp-json\/wp\/v2\/posts\/1399\/revisions\/1400"}],"wp:attachment":[{"href":"https:\/\/pos.uel.br\/saudecoletiva\/wp-json\/wp\/v2\/media?parent=1399"}],"wp:term":[{"taxonomy":"category","embeddable":true,"href":"https:\/\/pos.uel.br\/saudecoletiva\/wp-json\/wp\/v2\/categories?post=1399"},{"taxonomy":"post_tag","embeddable":true,"href":"https:\/\/pos.uel.br\/saudecoletiva\/wp-json\/wp\/v2\/tags?post=1399"}],"curies":[{"name":"wp","href":"https:\/\/api.w.org\/{rel}","templated":true}]}}