{"id":1376,"date":"2023-06-01T16:52:06","date_gmt":"2023-06-01T19:52:06","guid":{"rendered":"https:\/\/pos.uel.br\/saudecoletiva\/?p=1376"},"modified":"2023-06-01T16:52:07","modified_gmt":"2023-06-01T19:52:07","slug":"novos-coordenadores-do-ppg-em-saude-coletiva-participam-do-forum-de-coordenadores-de-pos-graduacao-em-saude-coletiva","status":"publish","type":"post","link":"https:\/\/pos.uel.br\/saudecoletiva\/sem-categoria\/2023\/06\/01\/novos-coordenadores-do-ppg-em-saude-coletiva-participam-do-forum-de-coordenadores-de-pos-graduacao-em-saude-coletiva\/","title":{"rendered":"Novos coordenadores do PPG em Sa\u00fade Coletiva participam do F\u00f3rum de Coordenadores de P\u00f3s-gradua\u00e7\u00e3o em Sa\u00fade Coletiva"},"content":{"rendered":"\n<p>Nos dias 01 e 02 de junho ocorre o F\u00f3rum de Coordenadores de P\u00f3s-Gradua\u00e7\u00e3o em Sa\u00fade Coletiva na Universidade Federal do Mato Grosso do Sul em Campo Grande. Os novos coordenadores do programa, Fernanda de Freitas Mendon\u00e7a e Mathias Roberto Loch participam do evento para discutir possibilidades de fortalecimento e aprimoramento do programa. <\/p>\n\n\n\n<figure class=\"wp-block-image size-large\"><img loading=\"lazy\" decoding=\"async\" width=\"1024\" height=\"768\" src=\"https:\/\/pos.uel.br\/saudecoletiva\/wp-content\/uploads\/2023\/06\/WhatsApp-Image-2023-06-01-at-09.01.46-1024x768.jpeg\" alt=\"\" class=\"wp-image-1377\" srcset=\"https:\/\/pos.uel.br\/saudecoletiva\/wp-content\/uploads\/2023\/06\/WhatsApp-Image-2023-06-01-at-09.01.46-1024x768.jpeg 1024w, https:\/\/pos.uel.br\/saudecoletiva\/wp-content\/uploads\/2023\/06\/WhatsApp-Image-2023-06-01-at-09.01.46-300x225.jpeg 300w, https:\/\/pos.uel.br\/saudecoletiva\/wp-content\/uploads\/2023\/06\/WhatsApp-Image-2023-06-01-at-09.01.46-768x576.jpeg 768w, https:\/\/pos.uel.br\/saudecoletiva\/wp-content\/uploads\/2023\/06\/WhatsApp-Image-2023-06-01-at-09.01.46-1536x1152.jpeg 1536w, https:\/\/pos.uel.br\/saudecoletiva\/wp-content\/uploads\/2023\/06\/WhatsApp-Image-2023-06-01-at-09.01.46.jpeg 1600w\" sizes=\"auto, (max-width: 1024px) 100vw, 1024px\" \/><\/figure>\n","protected":false},"excerpt":{"rendered":"<p>Nos dias 01 e 02 de junho ocorre o F\u00f3rum de Coordenadores de P\u00f3s-Gradua\u00e7\u00e3o em Sa\u00fade Coletiva na Universidade Federal do Mato Grosso do Sul em Campo Grande. Os novos coordenadores do programa, Fernanda de Freitas Mendon\u00e7a e Mathias Roberto Loch participam do evento para discutir possibilidades de fortalecimento e aprimoramento do programa.<\/p>\n","protected":false},"author":8,"featured_media":0,"comment_status":"open","ping_status":"open","sticky":false,"template":"","format":"standard","meta":{"footnotes":""},"categories":[1],"tags":[],"class_list":["post-1376","post","type-post","status-publish","format-standard","hentry","category-sem-categoria"],"acf":[],"_links":{"self":[{"href":"https:\/\/pos.uel.br\/saudecoletiva\/wp-json\/wp\/v2\/posts\/1376","targetHints":{"allow":["GET"]}}],"collection":[{"href":"https:\/\/pos.uel.br\/saudecoletiva\/wp-json\/wp\/v2\/posts"}],"about":[{"href":"https:\/\/pos.uel.br\/saudecoletiva\/wp-json\/wp\/v2\/types\/post"}],"author":[{"embeddable":true,"href":"https:\/\/pos.uel.br\/saudecoletiva\/wp-json\/wp\/v2\/users\/8"}],"replies":[{"embeddable":true,"href":"https:\/\/pos.uel.br\/saudecoletiva\/wp-json\/wp\/v2\/comments?post=1376"}],"version-history":[{"count":1,"href":"https:\/\/pos.uel.br\/saudecoletiva\/wp-json\/wp\/v2\/posts\/1376\/revisions"}],"predecessor-version":[{"id":1378,"href":"https:\/\/pos.uel.br\/saudecoletiva\/wp-json\/wp\/v2\/posts\/1376\/revisions\/1378"}],"wp:attachment":[{"href":"https:\/\/pos.uel.br\/saudecoletiva\/wp-json\/wp\/v2\/media?parent=1376"}],"wp:term":[{"taxonomy":"category","embeddable":true,"href":"https:\/\/pos.uel.br\/saudecoletiva\/wp-json\/wp\/v2\/categories?post=1376"},{"taxonomy":"post_tag","embeddable":true,"href":"https:\/\/pos.uel.br\/saudecoletiva\/wp-json\/wp\/v2\/tags?post=1376"}],"curies":[{"name":"wp","href":"https:\/\/api.w.org\/{rel}","templated":true}]}}