{"id":1351,"date":"2023-04-25T21:44:32","date_gmt":"2023-04-26T00:44:32","guid":{"rendered":"https:\/\/pos.uel.br\/saudecoletiva\/?p=1351"},"modified":"2023-04-25T21:50:50","modified_gmt":"2023-04-26T00:50:50","slug":"gestsus-recebe-equipe-de-pesquisadores-da-ensp-fiocruz","status":"publish","type":"post","link":"https:\/\/pos.uel.br\/saudecoletiva\/sem-categoria\/2023\/04\/25\/gestsus-recebe-equipe-de-pesquisadores-da-ensp-fiocruz\/","title":{"rendered":"GestSUS recebe equipe de pesquisadores da ENSP\/Fiocruz"},"content":{"rendered":"\n<p>Nos dias 24 e 25 de abril de 2023 o Programa de P\u00f3s-Gradua\u00e7\u00e3o, por meio do grupo de pesquisa GestSUS, recebeu um grupo de pesquisadores (Luciana Dias de Lima, Adelyne Maria Mendes Pereira, Henrique Dias e Andr\u00e9 Schimidt) da Escola Nacional de Sa\u00fade P\u00fablica, vinculada \u00e0 Funda\u00e7\u00e3o Oswaldo Cruz (Fiocruz), para a realiza\u00e7\u00e3o de oficinas de trabalho sobre o projeto <strong>Mudan\u00e7as nas regras de transfer\u00eancia de recursos federais do Sistema \u00danico de Sa\u00fade: implica\u00e7\u00f5es e desafios para o financiamento e a organiza\u00e7\u00e3o da Aten\u00e7\u00e3o Prim\u00e1ria \u00e0 Sa\u00fade no Brasil<\/strong> desenvolvido em parceria com a UEL. Al\u00e9m do balan\u00e7o das etapas do projeto, foi tamb\u00e9m definido os pr\u00f3ximos passos de operacionaliza\u00e7\u00e3o da pesquisa no Paran\u00e1 e Rio de Janeiro. Confira algumas imagens:  <\/p>\n\n\n\n<figure class=\"wp-block-image\"><img loading=\"lazy\" decoding=\"async\" width=\"1032\" height=\"489\" src=\"https:\/\/pos.uel.br\/saudecoletiva\/wp-content\/uploads\/2023\/04\/WhatsApp-Image-2023-04-24-at-13.07.41-1.jpeg\" alt=\"\" class=\"wp-image-1357\" srcset=\"https:\/\/pos.uel.br\/saudecoletiva\/wp-content\/uploads\/2023\/04\/WhatsApp-Image-2023-04-24-at-13.07.41-1.jpeg 1032w, https:\/\/pos.uel.br\/saudecoletiva\/wp-content\/uploads\/2023\/04\/WhatsApp-Image-2023-04-24-at-13.07.41-1-300x142.jpeg 300w, https:\/\/pos.uel.br\/saudecoletiva\/wp-content\/uploads\/2023\/04\/WhatsApp-Image-2023-04-24-at-13.07.41-1-1024x485.jpeg 1024w, https:\/\/pos.uel.br\/saudecoletiva\/wp-content\/uploads\/2023\/04\/WhatsApp-Image-2023-04-24-at-13.07.41-1-768x364.jpeg 768w\" sizes=\"auto, (max-width: 1032px) 100vw, 1032px\" \/><\/figure>\n\n\n\n<div class=\"wp-block-columns is-layout-flex wp-container-core-columns-is-layout-9d6595d7 wp-block-columns-is-layout-flex\">\n<div class=\"wp-block-column is-layout-flow wp-block-column-is-layout-flow\" style=\"flex-basis:100%\">\n<figure class=\"wp-block-image\"><img loading=\"lazy\" decoding=\"async\" width=\"1600\" height=\"1200\" src=\"https:\/\/pos.uel.br\/saudecoletiva\/wp-content\/uploads\/2023\/04\/WhatsApp-Image-2023-04-24-at-13.09.01.jpeg\" alt=\"\" class=\"wp-image-1353\"\/><\/figure>\n<\/div>\n<\/div>\n\n\n\n<figure class=\"wp-block-image\"><img loading=\"lazy\" decoding=\"async\" width=\"1032\" height=\"489\" src=\"https:\/\/pos.uel.br\/saudecoletiva\/wp-content\/uploads\/2023\/04\/WhatsApp-Image-2023-04-24-at-13.07.41.jpeg\" alt=\"\" class=\"wp-image-1352\" srcset=\"https:\/\/pos.uel.br\/saudecoletiva\/wp-content\/uploads\/2023\/04\/WhatsApp-Image-2023-04-24-at-13.07.41.jpeg 1032w, https:\/\/pos.uel.br\/saudecoletiva\/wp-content\/uploads\/2023\/04\/WhatsApp-Image-2023-04-24-at-13.07.41-300x142.jpeg 300w, https:\/\/pos.uel.br\/saudecoletiva\/wp-content\/uploads\/2023\/04\/WhatsApp-Image-2023-04-24-at-13.07.41-1024x485.jpeg 1024w, https:\/\/pos.uel.br\/saudecoletiva\/wp-content\/uploads\/2023\/04\/WhatsApp-Image-2023-04-24-at-13.07.41-768x364.jpeg 768w\" sizes=\"auto, (max-width: 1032px) 100vw, 1032px\" \/><\/figure>\n","protected":false},"excerpt":{"rendered":"<p>Nos dias 24 e 25 de abril de 2023 o Programa de P\u00f3s-Gradua\u00e7\u00e3o, por meio do grupo de pesquisa GestSUS, recebeu um grupo de pesquisadores (Luciana Dias de Lima, Adelyne Maria Mendes Pereira, Henrique Dias e Andr\u00e9 Schimidt) da Escola Nacional de Sa\u00fade P\u00fablica, vinculada \u00e0 Funda\u00e7\u00e3o Oswaldo Cruz (Fiocruz), para a realiza\u00e7\u00e3o de oficinas [&hellip;]<\/p>\n","protected":false},"author":8,"featured_media":0,"comment_status":"open","ping_status":"open","sticky":false,"template":"","format":"standard","meta":{"footnotes":""},"categories":[1],"tags":[],"class_list":["post-1351","post","type-post","status-publish","format-standard","hentry","category-sem-categoria"],"acf":[],"_links":{"self":[{"href":"https:\/\/pos.uel.br\/saudecoletiva\/wp-json\/wp\/v2\/posts\/1351","targetHints":{"allow":["GET"]}}],"collection":[{"href":"https:\/\/pos.uel.br\/saudecoletiva\/wp-json\/wp\/v2\/posts"}],"about":[{"href":"https:\/\/pos.uel.br\/saudecoletiva\/wp-json\/wp\/v2\/types\/post"}],"author":[{"embeddable":true,"href":"https:\/\/pos.uel.br\/saudecoletiva\/wp-json\/wp\/v2\/users\/8"}],"replies":[{"embeddable":true,"href":"https:\/\/pos.uel.br\/saudecoletiva\/wp-json\/wp\/v2\/comments?post=1351"}],"version-history":[{"count":3,"href":"https:\/\/pos.uel.br\/saudecoletiva\/wp-json\/wp\/v2\/posts\/1351\/revisions"}],"predecessor-version":[{"id":1358,"href":"https:\/\/pos.uel.br\/saudecoletiva\/wp-json\/wp\/v2\/posts\/1351\/revisions\/1358"}],"wp:attachment":[{"href":"https:\/\/pos.uel.br\/saudecoletiva\/wp-json\/wp\/v2\/media?parent=1351"}],"wp:term":[{"taxonomy":"category","embeddable":true,"href":"https:\/\/pos.uel.br\/saudecoletiva\/wp-json\/wp\/v2\/categories?post=1351"},{"taxonomy":"post_tag","embeddable":true,"href":"https:\/\/pos.uel.br\/saudecoletiva\/wp-json\/wp\/v2\/tags?post=1351"}],"curies":[{"name":"wp","href":"https:\/\/api.w.org\/{rel}","templated":true}]}}