{"id":1005,"date":"2022-02-23T14:52:17","date_gmt":"2022-02-23T17:52:17","guid":{"rendered":"https:\/\/pos.uel.br\/saudecoletiva\/?p=1005"},"modified":"2022-02-23T14:52:18","modified_gmt":"2022-02-23T17:52:18","slug":"divulgado-o-edital-que-estabelece-normas-e-procedimentos-para-selecao-interna-para-o-programa-de-doutorado-sanduiche-no-exterior","status":"publish","type":"post","link":"https:\/\/pos.uel.br\/saudecoletiva\/sem-categoria\/2022\/02\/23\/divulgado-o-edital-que-estabelece-normas-e-procedimentos-para-selecao-interna-para-o-programa-de-doutorado-sanduiche-no-exterior\/","title":{"rendered":"Divulgado o edital que estabelece normas e procedimentos para sele\u00e7\u00e3o interna para o programa de doutorado sandu\u00edche no exterior"},"content":{"rendered":"\n<p><a href=\"https:\/\/pos.uel.br\/saudecoletiva\/wp-content\/uploads\/2022\/02\/Edital-02.2022.pdf\">Clique aqui<\/a><\/p>\n\n\n\n<p><\/p>\n","protected":false},"excerpt":{"rendered":"<p>Clique aqui<\/p>\n","protected":false},"author":8,"featured_media":0,"comment_status":"open","ping_status":"open","sticky":false,"template":"","format":"standard","meta":{"footnotes":""},"categories":[1],"tags":[],"class_list":["post-1005","post","type-post","status-publish","format-standard","hentry","category-sem-categoria"],"acf":[],"_links":{"self":[{"href":"https:\/\/pos.uel.br\/saudecoletiva\/wp-json\/wp\/v2\/posts\/1005","targetHints":{"allow":["GET"]}}],"collection":[{"href":"https:\/\/pos.uel.br\/saudecoletiva\/wp-json\/wp\/v2\/posts"}],"about":[{"href":"https:\/\/pos.uel.br\/saudecoletiva\/wp-json\/wp\/v2\/types\/post"}],"author":[{"embeddable":true,"href":"https:\/\/pos.uel.br\/saudecoletiva\/wp-json\/wp\/v2\/users\/8"}],"replies":[{"embeddable":true,"href":"https:\/\/pos.uel.br\/saudecoletiva\/wp-json\/wp\/v2\/comments?post=1005"}],"version-history":[{"count":1,"href":"https:\/\/pos.uel.br\/saudecoletiva\/wp-json\/wp\/v2\/posts\/1005\/revisions"}],"predecessor-version":[{"id":1006,"href":"https:\/\/pos.uel.br\/saudecoletiva\/wp-json\/wp\/v2\/posts\/1005\/revisions\/1006"}],"wp:attachment":[{"href":"https:\/\/pos.uel.br\/saudecoletiva\/wp-json\/wp\/v2\/media?parent=1005"}],"wp:term":[{"taxonomy":"category","embeddable":true,"href":"https:\/\/pos.uel.br\/saudecoletiva\/wp-json\/wp\/v2\/categories?post=1005"},{"taxonomy":"post_tag","embeddable":true,"href":"https:\/\/pos.uel.br\/saudecoletiva\/wp-json\/wp\/v2\/tags?post=1005"}],"curies":[{"name":"wp","href":"https:\/\/api.w.org\/{rel}","templated":true}]}}