{"id":70,"count":36,"description":"","link":"https:\/\/pos.uel.br\/saudecoletiva\/palavra-chave\/atencao-primaria-a-saude\/","name":"Aten\u00e7\u00e3o prim\u00e1ria \u00e0 sa\u00fade","slug":"atencao-primaria-a-saude","taxonomy":"palavra-chave","meta":[],"acf":[],"_links":{"self":[{"href":"https:\/\/pos.uel.br\/saudecoletiva\/wp-json\/wp\/v2\/palavra-chave\/70","targetHints":{"allow":["GET"]}}],"collection":[{"href":"https:\/\/pos.uel.br\/saudecoletiva\/wp-json\/wp\/v2\/palavra-chave"}],"about":[{"href":"https:\/\/pos.uel.br\/saudecoletiva\/wp-json\/wp\/v2\/taxonomies\/palavra-chave"}]}}