{"id":633,"count":1,"description":"","link":"https:\/\/pos.uel.br\/saudecoletiva\/palavra-chave\/capacitacao-de-recursos-humanos-em-saude\/","name":"Capacita\u00e7\u00e3o de recursos humanos em sa\u00fade","slug":"capacitacao-de-recursos-humanos-em-saude","taxonomy":"palavra-chave","meta":[],"acf":[],"_links":{"self":[{"href":"https:\/\/pos.uel.br\/saudecoletiva\/wp-json\/wp\/v2\/palavra-chave\/633","targetHints":{"allow":["GET"]}}],"collection":[{"href":"https:\/\/pos.uel.br\/saudecoletiva\/wp-json\/wp\/v2\/palavra-chave"}],"about":[{"href":"https:\/\/pos.uel.br\/saudecoletiva\/wp-json\/wp\/v2\/taxonomies\/palavra-chave"}]}}