{"id":571,"count":1,"description":"","link":"https:\/\/pos.uel.br\/saudecoletiva\/palavra-chave\/necessidades-de-atencao-a-saude\/","name":"Necessidades de aten\u00e7\u00e3o \u00e0 sa\u00fade","slug":"necessidades-de-atencao-a-saude","taxonomy":"palavra-chave","meta":[],"acf":[],"_links":{"self":[{"href":"https:\/\/pos.uel.br\/saudecoletiva\/wp-json\/wp\/v2\/palavra-chave\/571","targetHints":{"allow":["GET"]}}],"collection":[{"href":"https:\/\/pos.uel.br\/saudecoletiva\/wp-json\/wp\/v2\/palavra-chave"}],"about":[{"href":"https:\/\/pos.uel.br\/saudecoletiva\/wp-json\/wp\/v2\/taxonomies\/palavra-chave"}]}}