{"id":491,"count":1,"description":"","link":"https:\/\/pos.uel.br\/saudecoletiva\/palavra-chave\/transicao-demografica\/","name":"Transi\u00e7\u00e3o Demogr\u00e1fica","slug":"transicao-demografica","taxonomy":"palavra-chave","meta":[],"acf":[],"_links":{"self":[{"href":"https:\/\/pos.uel.br\/saudecoletiva\/wp-json\/wp\/v2\/palavra-chave\/491","targetHints":{"allow":["GET"]}}],"collection":[{"href":"https:\/\/pos.uel.br\/saudecoletiva\/wp-json\/wp\/v2\/palavra-chave"}],"about":[{"href":"https:\/\/pos.uel.br\/saudecoletiva\/wp-json\/wp\/v2\/taxonomies\/palavra-chave"}]}}