{"id":405,"count":2,"description":"","link":"https:\/\/pos.uel.br\/saudecoletiva\/palavra-chave\/avaliacao-de-programas-e-projetos-de-saude\/","name":"Avalia\u00e7\u00e3o de Programas e Projetos de Sa\u00fade","slug":"avaliacao-de-programas-e-projetos-de-saude","taxonomy":"palavra-chave","meta":[],"acf":[],"_links":{"self":[{"href":"https:\/\/pos.uel.br\/saudecoletiva\/wp-json\/wp\/v2\/palavra-chave\/405","targetHints":{"allow":["GET"]}}],"collection":[{"href":"https:\/\/pos.uel.br\/saudecoletiva\/wp-json\/wp\/v2\/palavra-chave"}],"about":[{"href":"https:\/\/pos.uel.br\/saudecoletiva\/wp-json\/wp\/v2\/taxonomies\/palavra-chave"}]}}