{"id":386,"count":2,"description":"","link":"https:\/\/pos.uel.br\/saudecoletiva\/palavra-chave\/avaliacao-da-situacao-em-saude\/","name":"Avalia\u00e7\u00e3o da situa\u00e7\u00e3o em sa\u00fade","slug":"avaliacao-da-situacao-em-saude","taxonomy":"palavra-chave","meta":[],"acf":[],"_links":{"self":[{"href":"https:\/\/pos.uel.br\/saudecoletiva\/wp-json\/wp\/v2\/palavra-chave\/386","targetHints":{"allow":["GET"]}}],"collection":[{"href":"https:\/\/pos.uel.br\/saudecoletiva\/wp-json\/wp\/v2\/palavra-chave"}],"about":[{"href":"https:\/\/pos.uel.br\/saudecoletiva\/wp-json\/wp\/v2\/taxonomies\/palavra-chave"}]}}