{"id":327,"count":2,"description":"","link":"https:\/\/pos.uel.br\/saudecoletiva\/palavra-chave\/adesao-a-medicacao\/","name":"Ades\u00e3o \u00e0 Medica\u00e7\u00e3o","slug":"adesao-a-medicacao","taxonomy":"palavra-chave","meta":[],"acf":[],"_links":{"self":[{"href":"https:\/\/pos.uel.br\/saudecoletiva\/wp-json\/wp\/v2\/palavra-chave\/327","targetHints":{"allow":["GET"]}}],"collection":[{"href":"https:\/\/pos.uel.br\/saudecoletiva\/wp-json\/wp\/v2\/palavra-chave"}],"about":[{"href":"https:\/\/pos.uel.br\/saudecoletiva\/wp-json\/wp\/v2\/taxonomies\/palavra-chave"}]}}