{"id":291,"count":1,"description":"","link":"https:\/\/pos.uel.br\/saudecoletiva\/palavra-chave\/educacao-basica\/","name":"Educa\u00e7\u00e3o B\u00e1sica","slug":"educacao-basica","taxonomy":"palavra-chave","meta":[],"acf":[],"_links":{"self":[{"href":"https:\/\/pos.uel.br\/saudecoletiva\/wp-json\/wp\/v2\/palavra-chave\/291","targetHints":{"allow":["GET"]}}],"collection":[{"href":"https:\/\/pos.uel.br\/saudecoletiva\/wp-json\/wp\/v2\/palavra-chave"}],"about":[{"href":"https:\/\/pos.uel.br\/saudecoletiva\/wp-json\/wp\/v2\/taxonomies\/palavra-chave"}]}}