{"id":286,"count":2,"description":"","link":"https:\/\/pos.uel.br\/saudecoletiva\/palavra-chave\/vigilancia-em-saude-publica\/","name":"Vigil\u00e2ncia em Sa\u00fade P\u00fablica","slug":"vigilancia-em-saude-publica","taxonomy":"palavra-chave","meta":[],"acf":[],"_links":{"self":[{"href":"https:\/\/pos.uel.br\/saudecoletiva\/wp-json\/wp\/v2\/palavra-chave\/286","targetHints":{"allow":["GET"]}}],"collection":[{"href":"https:\/\/pos.uel.br\/saudecoletiva\/wp-json\/wp\/v2\/palavra-chave"}],"about":[{"href":"https:\/\/pos.uel.br\/saudecoletiva\/wp-json\/wp\/v2\/taxonomies\/palavra-chave"}]}}