{"id":234,"count":3,"description":"","link":"https:\/\/pos.uel.br\/saudecoletiva\/palavra-chave\/atencao-secundaria-a-saude\/","name":"Aten\u00e7\u00e3o Secund\u00e1ria \u00e0 Sa\u00fade","slug":"atencao-secundaria-a-saude","taxonomy":"palavra-chave","meta":[],"acf":[],"_links":{"self":[{"href":"https:\/\/pos.uel.br\/saudecoletiva\/wp-json\/wp\/v2\/palavra-chave\/234","targetHints":{"allow":["GET"]}}],"collection":[{"href":"https:\/\/pos.uel.br\/saudecoletiva\/wp-json\/wp\/v2\/palavra-chave"}],"about":[{"href":"https:\/\/pos.uel.br\/saudecoletiva\/wp-json\/wp\/v2\/taxonomies\/palavra-chave"}]}}