{"id":231,"count":1,"description":"","link":"https:\/\/pos.uel.br\/saudecoletiva\/palavra-chave\/saude-e-migracoes\/","name":"Sa\u00fade e Migra\u00e7\u00f5es","slug":"saude-e-migracoes","taxonomy":"palavra-chave","meta":[],"acf":[],"_links":{"self":[{"href":"https:\/\/pos.uel.br\/saudecoletiva\/wp-json\/wp\/v2\/palavra-chave\/231","targetHints":{"allow":["GET"]}}],"collection":[{"href":"https:\/\/pos.uel.br\/saudecoletiva\/wp-json\/wp\/v2\/palavra-chave"}],"about":[{"href":"https:\/\/pos.uel.br\/saudecoletiva\/wp-json\/wp\/v2\/taxonomies\/palavra-chave"}]}}