{"id":212,"count":3,"description":"","link":"https:\/\/pos.uel.br\/saudecoletiva\/palavra-chave\/atencao-a-saude\/","name":"Aten\u00e7\u00e3o \u00e0 Sa\u00fade","slug":"atencao-a-saude","taxonomy":"palavra-chave","meta":[],"acf":[],"_links":{"self":[{"href":"https:\/\/pos.uel.br\/saudecoletiva\/wp-json\/wp\/v2\/palavra-chave\/212","targetHints":{"allow":["GET"]}}],"collection":[{"href":"https:\/\/pos.uel.br\/saudecoletiva\/wp-json\/wp\/v2\/palavra-chave"}],"about":[{"href":"https:\/\/pos.uel.br\/saudecoletiva\/wp-json\/wp\/v2\/taxonomies\/palavra-chave"}]}}