{"id":211,"count":10,"description":"","link":"https:\/\/pos.uel.br\/saudecoletiva\/palavra-chave\/educacao-permanente-em-saude\/","name":"Educa\u00e7\u00e3o Permanente em Sa\u00fade","slug":"educacao-permanente-em-saude","taxonomy":"palavra-chave","meta":[],"acf":[],"_links":{"self":[{"href":"https:\/\/pos.uel.br\/saudecoletiva\/wp-json\/wp\/v2\/palavra-chave\/211","targetHints":{"allow":["GET"]}}],"collection":[{"href":"https:\/\/pos.uel.br\/saudecoletiva\/wp-json\/wp\/v2\/palavra-chave"}],"about":[{"href":"https:\/\/pos.uel.br\/saudecoletiva\/wp-json\/wp\/v2\/taxonomies\/palavra-chave"}]}}