{"id":191,"count":2,"description":"","link":"https:\/\/pos.uel.br\/saudecoletiva\/palavra-chave\/rede-de-atencao-a-saude\/","name":"Rede de Aten\u00e7\u00e3o \u00e0 Sa\u00fade","slug":"rede-de-atencao-a-saude","taxonomy":"palavra-chave","meta":[],"acf":[],"_links":{"self":[{"href":"https:\/\/pos.uel.br\/saudecoletiva\/wp-json\/wp\/v2\/palavra-chave\/191","targetHints":{"allow":["GET"]}}],"collection":[{"href":"https:\/\/pos.uel.br\/saudecoletiva\/wp-json\/wp\/v2\/palavra-chave"}],"about":[{"href":"https:\/\/pos.uel.br\/saudecoletiva\/wp-json\/wp\/v2\/taxonomies\/palavra-chave"}]}}