{"id":111,"count":5,"description":"","link":"https:\/\/pos.uel.br\/saudecoletiva\/palavra-chave\/avaliacao-em-saude\/","name":"Avalia\u00e7\u00e3o em Sa\u00fade","slug":"avaliacao-em-saude","taxonomy":"palavra-chave","meta":[],"acf":[],"_links":{"self":[{"href":"https:\/\/pos.uel.br\/saudecoletiva\/wp-json\/wp\/v2\/palavra-chave\/111","targetHints":{"allow":["GET"]}}],"collection":[{"href":"https:\/\/pos.uel.br\/saudecoletiva\/wp-json\/wp\/v2\/palavra-chave"}],"about":[{"href":"https:\/\/pos.uel.br\/saudecoletiva\/wp-json\/wp\/v2\/taxonomies\/palavra-chave"}]}}