{"id":10,"count":4,"description":"","link":"https:\/\/pos.uel.br\/saudecoletiva\/palavra-chave\/promocao-da-saude\/","name":"Promo\u00e7\u00e3o da Sa\u00fade","slug":"promocao-da-saude","taxonomy":"palavra-chave","meta":[],"acf":[],"_links":{"self":[{"href":"https:\/\/pos.uel.br\/saudecoletiva\/wp-json\/wp\/v2\/palavra-chave\/10","targetHints":{"allow":["GET"]}}],"collection":[{"href":"https:\/\/pos.uel.br\/saudecoletiva\/wp-json\/wp\/v2\/palavra-chave"}],"about":[{"href":"https:\/\/pos.uel.br\/saudecoletiva\/wp-json\/wp\/v2\/taxonomies\/palavra-chave"}]}}