{"id":3958,"date":"2026-01-26T18:20:29","date_gmt":"2026-01-26T21:20:29","guid":{"rendered":"https:\/\/pos.uel.br\/ppgsoc\/?p=3958"},"modified":"2026-01-26T18:20:29","modified_gmt":"2026-01-26T21:20:29","slug":"censo-da-pos-graduacao-stricto-sensu-da-capes-esta-em-andamento","status":"publish","type":"post","link":"https:\/\/pos.uel.br\/ppgsoc\/sem-categoria\/2026\/01\/26\/censo-da-pos-graduacao-stricto-sensu-da-capes-esta-em-andamento\/","title":{"rendered":"Censo da P\u00f3s-Gradua\u00e7\u00e3o stricto sensu da CAPES est\u00e1 em andamento!"},"content":{"rendered":"<div class=\"wp-block-image\">\n<figure class=\"aligncenter size-large is-resized\"><img loading=\"lazy\" decoding=\"async\" width=\"819\" height=\"1024\" src=\"https:\/\/pos.uel.br\/ppgsoc\/wp-content\/uploads\/2026\/01\/1-819x1024.png\" alt=\"\" class=\"wp-image-3960\" style=\"width:430px;height:auto\" srcset=\"https:\/\/pos.uel.br\/ppgsoc\/wp-content\/uploads\/2026\/01\/1-819x1024.png 819w, https:\/\/pos.uel.br\/ppgsoc\/wp-content\/uploads\/2026\/01\/1-240x300.png 240w, https:\/\/pos.uel.br\/ppgsoc\/wp-content\/uploads\/2026\/01\/1-768x960.png 768w, https:\/\/pos.uel.br\/ppgsoc\/wp-content\/uploads\/2026\/01\/1.png 1080w\" sizes=\"auto, (max-width: 819px) 100vw, 819px\" \/><\/figure>\n<\/div>\n\n\n<p>Encontra-se em andamento o <strong>Censo da P\u00f3s-Gradua\u00e7\u00e3o stricto sensu<\/strong>, realizado anualmente pela <strong>Coordena\u00e7\u00e3o de Aperfei\u00e7oamento de Pessoal de N\u00edvel Superior (CAPES)<\/strong>. O levantamento re\u00fane informa\u00e7\u00f5es sobre discentes, docentes e pesquisadores(as) vinculados(as) aos programas de p\u00f3s-gradua\u00e7\u00e3o brasileiros e constitui uma das principais bases de dados do <strong>Sistema Nacional de P\u00f3s-Gradua\u00e7\u00e3o (SNPG)<\/strong>.<\/p>\n\n\n\n<p>O Censo tem car\u00e1ter declarat\u00f3rio e \u00e9 fundamental para a <strong>produ\u00e7\u00e3o de indicadores, o planejamento e a formula\u00e7\u00e3o de pol\u00edticas p\u00fablicas voltadas \u00e0 p\u00f3s-gradua\u00e7\u00e3o<\/strong>, al\u00e9m de subsidiar processos de avalia\u00e7\u00e3o, acompanhamento e financiamento dos programas.<\/p>\n\n\n\n<p><strong>Per\u00edodo de preenchimento:<\/strong><br>At\u00e9 <strong>26 de fevereiro de 2026<\/strong>.<\/p>\n\n\n\n<p><strong>Onde responder:<\/strong><br>Formul\u00e1rio eletr\u00f4nico dispon\u00edvel na <strong>Plataforma Sucupira<\/strong>:<br><strong><a>https:\/\/sucupira.capes.gov.br\/<\/a><\/strong><br>acessando com seu CPF e senha no sistema CAPES.<\/p>\n\n\n\n<p><br><strong>Mais informa\u00e7\u00f5es:<\/strong><br><a href=\"https:\/\/www.gov.br\/capes\/pt-br\/acesso-a-informacao\/acoes-e-programas\/outras-acoes\/censo-da-pos-graduacao-stricto-sensu?utm_source=chatgpt.com\">https:\/\/www.gov.br\/capes\/pt-br\/acesso-a-informacao\/acoes-e-programas\/outras-acoes\/censo-da-pos-graduacao-stricto-sensu<\/a><\/p>\n\n\n\n<p>A participa\u00e7\u00e3o da comunidade acad\u00eamica \u00e9 essencial para assegurar a <strong>qualidade e a fidedignidade das informa\u00e7\u00f5es<\/strong> que representam o PPGSOC e a p\u00f3s-gradua\u00e7\u00e3o brasileira como um todo.<\/p>\n","protected":false},"excerpt":{"rendered":"<p>Encontra-se em andamento o Censo da P\u00f3s-Gradua\u00e7\u00e3o stricto sensu, realizado anualmente pela Coordena\u00e7\u00e3o de Aperfei\u00e7oamento de Pessoal de N\u00edvel Superior (CAPES). O levantamento re\u00fane informa\u00e7\u00f5es sobre discentes, docentes e pesquisadores(as) vinculados(as) aos programas de p\u00f3s-gradua\u00e7\u00e3o brasileiros e constitui uma das principais bases de dados do Sistema Nacional de P\u00f3s-Gradua\u00e7\u00e3o (SNPG). O Censo tem car\u00e1ter declarat\u00f3rio [&hellip;]<\/p>\n","protected":false},"author":8,"featured_media":3959,"comment_status":"open","ping_status":"open","sticky":false,"template":"","format":"standard","meta":{"_acf_changed":false,"footnotes":""},"categories":[1],"tags":[],"class_list":["post-3958","post","type-post","status-publish","format-standard","has-post-thumbnail","hentry","category-sem-categoria"],"acf":[],"_links":{"self":[{"href":"https:\/\/pos.uel.br\/ppgsoc\/wp-json\/wp\/v2\/posts\/3958","targetHints":{"allow":["GET"]}}],"collection":[{"href":"https:\/\/pos.uel.br\/ppgsoc\/wp-json\/wp\/v2\/posts"}],"about":[{"href":"https:\/\/pos.uel.br\/ppgsoc\/wp-json\/wp\/v2\/types\/post"}],"author":[{"embeddable":true,"href":"https:\/\/pos.uel.br\/ppgsoc\/wp-json\/wp\/v2\/users\/8"}],"replies":[{"embeddable":true,"href":"https:\/\/pos.uel.br\/ppgsoc\/wp-json\/wp\/v2\/comments?post=3958"}],"version-history":[{"count":1,"href":"https:\/\/pos.uel.br\/ppgsoc\/wp-json\/wp\/v2\/posts\/3958\/revisions"}],"predecessor-version":[{"id":3961,"href":"https:\/\/pos.uel.br\/ppgsoc\/wp-json\/wp\/v2\/posts\/3958\/revisions\/3961"}],"wp:featuredmedia":[{"embeddable":true,"href":"https:\/\/pos.uel.br\/ppgsoc\/wp-json\/wp\/v2\/media\/3959"}],"wp:attachment":[{"href":"https:\/\/pos.uel.br\/ppgsoc\/wp-json\/wp\/v2\/media?parent=3958"}],"wp:term":[{"taxonomy":"category","embeddable":true,"href":"https:\/\/pos.uel.br\/ppgsoc\/wp-json\/wp\/v2\/categories?post=3958"},{"taxonomy":"post_tag","embeddable":true,"href":"https:\/\/pos.uel.br\/ppgsoc\/wp-json\/wp\/v2\/tags?post=3958"}],"curies":[{"name":"wp","href":"https:\/\/api.w.org\/{rel}","templated":true}]}}