{"id":3935,"date":"2025-12-09T15:11:15","date_gmt":"2025-12-09T18:11:15","guid":{"rendered":"https:\/\/pos.uel.br\/ppgsoc\/?p=3935"},"modified":"2025-12-09T15:11:15","modified_gmt":"2025-12-09T18:11:15","slug":"violencia-criminal-inseguranca-publica-e-os-riscos-a-democracia-brasileira","status":"publish","type":"post","link":"https:\/\/pos.uel.br\/ppgsoc\/sem-categoria\/2025\/12\/09\/violencia-criminal-inseguranca-publica-e-os-riscos-a-democracia-brasileira\/","title":{"rendered":"Viol\u00eancia criminal, inseguran\u00e7a p\u00fablica e os riscos \u00e0 democracia brasileira"},"content":{"rendered":"\n<p>A edi\u00e7\u00e3o de 26 de novembro da newsletter&nbsp;<strong><em>M\u00faltiplas Vozes<\/em><\/strong>, do&nbsp;<strong>F\u00f3rum Brasileiro de Seguran\u00e7a P\u00fablica (FBSP)<\/strong>, destacou uma reflex\u00e3o crucial para o cen\u00e1rio pol\u00edtico contempor\u00e2neo:&nbsp;<strong>a inseguran\u00e7a p\u00fablica tornou-se um dos fatores centrais da eros\u00e3o democr\u00e1tica no Brasil<\/strong>.<\/p>\n\n\n\n<p>Segundo os autores&nbsp;<strong>Cleber Lopes<\/strong>&nbsp;(Departamento de Ci\u00eancias Sociais, UEL) e&nbsp;<strong>Caio Cardoso de Moraes<\/strong>&nbsp;(Doutorando em Ci\u00eancia Pol\u00edtica na UFMG), a crescente preocupa\u00e7\u00e3o da popula\u00e7\u00e3o com a viol\u00eancia \u2014 que alcan\u00e7ou&nbsp;<strong>38%<\/strong>&nbsp;como principal tema de preocupa\u00e7\u00e3o social em novembro de 2025, segundo pesquisa Quaest \u2014 tem repercuss\u00f5es profundas no ambiente democr\u00e1tico. Epis\u00f3dios de grande repercuss\u00e3o, como a opera\u00e7\u00e3o policial no Rio de Janeiro que resultou em 122 mortes, ampliam a sali\u00eancia do tema, mobilizando o debate pol\u00edtico e gerando tens\u00f5es entre diferentes setores do Legislativo.<\/p>\n\n\n\n<p>A literatura recente em ci\u00eancia pol\u00edtica refor\u00e7a esse alerta. Estudos internacionais, como o de&nbsp;<strong>Chu e colegas<\/strong>, apontam que cidad\u00e3os, quando expostos a cen\u00e1rios de inseguran\u00e7a, tendem a admitir&nbsp;<strong>trocas perigosas entre seguran\u00e7a e pilares democr\u00e1ticos<\/strong>, como liberdades individuais, elei\u00e7\u00f5es livres e mecanismos de controle institucional. A democracia permanece valorizada, mas torna-se&nbsp;<strong>vulner\u00e1vel<\/strong>&nbsp;quando o crime e a viol\u00eancia ocupam o centro das preocupa\u00e7\u00f5es sociais.<\/p>\n\n\n\n<p>Pesquisas aplicadas ao contexto latino-americano seguem na mesma dire\u00e7\u00e3o. An\u00e1lises realizadas por&nbsp;<strong>Gabriela Ribeiro Cardoso e Julian Borba<\/strong>&nbsp;mostram que&nbsp;<strong>viver em pa\u00edses com altas taxas de homic\u00eddios<\/strong>&nbsp;\u2014 como o Brasil \u2014 intensifica os efeitos negativos da vitimiza\u00e7\u00e3o e do medo do crime sobre a confian\u00e7a institucional e o apoio \u00e0 democracia.<\/p>\n\n\n\n<p>Os autores destacam que, diante desse cen\u00e1rio,&nbsp;<strong>as for\u00e7as democr\u00e1ticas precisam incorporar a seguran\u00e7a p\u00fablica como tema estrat\u00e9gico<\/strong>, n\u00e3o apenas por sua import\u00e2ncia para o bem-estar da popula\u00e7\u00e3o, mas como elemento indispens\u00e1vel para a&nbsp;<strong>preserva\u00e7\u00e3o do regime democr\u00e1tico<\/strong>.<\/p>\n\n\n\n<p>O artigo completo,&nbsp;<strong>\u201cViol\u00eancia criminal e eros\u00e3o democr\u00e1tica: por que as for\u00e7as democr\u00e1ticas deveriam se preocupar com a seguran\u00e7a p\u00fablica\u201d<\/strong>, pode ser lido na&nbsp;<a href=\"https:\/\/fontesegura.forumseguranca.org.br\/violencia-criminal-e-erosao-democratica-por-que-as-forcas-democraticas-deveriam-se-preocupar-com-a-seguranca-publica\/\">edi\u00e7\u00e3o de 26 de novembro da newsletter&nbsp;<strong><em>M\u00faltiplas Vozes<\/em>&nbsp;(FBSP)<\/strong><\/a>.<\/p>\n","protected":false},"excerpt":{"rendered":"<p>A edi\u00e7\u00e3o de 26 de novembro da newsletter&nbsp;M\u00faltiplas Vozes, do&nbsp;F\u00f3rum Brasileiro de Seguran\u00e7a P\u00fablica (FBSP), destacou uma reflex\u00e3o crucial para o cen\u00e1rio pol\u00edtico contempor\u00e2neo:&nbsp;a inseguran\u00e7a p\u00fablica tornou-se um dos fatores centrais da eros\u00e3o democr\u00e1tica no Brasil. Segundo os autores&nbsp;Cleber Lopes&nbsp;(Departamento de Ci\u00eancias Sociais, UEL) e&nbsp;Caio Cardoso de Moraes&nbsp;(Doutorando em Ci\u00eancia Pol\u00edtica na UFMG), a crescente [&hellip;]<\/p>\n","protected":false},"author":8,"featured_media":3900,"comment_status":"open","ping_status":"open","sticky":false,"template":"","format":"standard","meta":{"_acf_changed":false,"footnotes":""},"categories":[1],"tags":[],"class_list":["post-3935","post","type-post","status-publish","format-standard","has-post-thumbnail","hentry","category-sem-categoria"],"acf":[],"_links":{"self":[{"href":"https:\/\/pos.uel.br\/ppgsoc\/wp-json\/wp\/v2\/posts\/3935","targetHints":{"allow":["GET"]}}],"collection":[{"href":"https:\/\/pos.uel.br\/ppgsoc\/wp-json\/wp\/v2\/posts"}],"about":[{"href":"https:\/\/pos.uel.br\/ppgsoc\/wp-json\/wp\/v2\/types\/post"}],"author":[{"embeddable":true,"href":"https:\/\/pos.uel.br\/ppgsoc\/wp-json\/wp\/v2\/users\/8"}],"replies":[{"embeddable":true,"href":"https:\/\/pos.uel.br\/ppgsoc\/wp-json\/wp\/v2\/comments?post=3935"}],"version-history":[{"count":1,"href":"https:\/\/pos.uel.br\/ppgsoc\/wp-json\/wp\/v2\/posts\/3935\/revisions"}],"predecessor-version":[{"id":3936,"href":"https:\/\/pos.uel.br\/ppgsoc\/wp-json\/wp\/v2\/posts\/3935\/revisions\/3936"}],"wp:featuredmedia":[{"embeddable":true,"href":"https:\/\/pos.uel.br\/ppgsoc\/wp-json\/wp\/v2\/media\/3900"}],"wp:attachment":[{"href":"https:\/\/pos.uel.br\/ppgsoc\/wp-json\/wp\/v2\/media?parent=3935"}],"wp:term":[{"taxonomy":"category","embeddable":true,"href":"https:\/\/pos.uel.br\/ppgsoc\/wp-json\/wp\/v2\/categories?post=3935"},{"taxonomy":"post_tag","embeddable":true,"href":"https:\/\/pos.uel.br\/ppgsoc\/wp-json\/wp\/v2\/tags?post=3935"}],"curies":[{"name":"wp","href":"https:\/\/api.w.org\/{rel}","templated":true}]}}