{"id":3896,"date":"2025-11-07T10:03:48","date_gmt":"2025-11-07T13:03:48","guid":{"rendered":"https:\/\/pos.uel.br\/ppgsoc\/?p=3896"},"modified":"2025-11-07T10:06:24","modified_gmt":"2025-11-07T13:06:24","slug":"desaparecimentos-homicidios-e-crime-organizado-uma-analise-sobre-o-avanco-da-violencia-invisivel-no-brasil","status":"publish","type":"post","link":"https:\/\/pos.uel.br\/ppgsoc\/sem-categoria\/2025\/11\/07\/desaparecimentos-homicidios-e-crime-organizado-uma-analise-sobre-o-avanco-da-violencia-invisivel-no-brasil\/","title":{"rendered":"Desaparecimentos, homic\u00eddios e crime organizado: uma an\u00e1lise sobre o avan\u00e7o da viol\u00eancia invis\u00edvel no Brasil"},"content":{"rendered":"\n<p>A mais recente edi\u00e7\u00e3o do <em>Anu\u00e1rio Brasileiro de Seguran\u00e7a P\u00fablica<\/em> revelou um crescimento de <strong>4,9% nos registros de desaparecimentos em 2024<\/strong>, totalizando <strong>81.873 casos<\/strong> reportados \u00e0s Pol\u00edcias Civis \u2014 o equivalente a quatro desaparecimentos por hora. Esse aumento vem sendo observado desde 2020 e pode estar relacionado \u00e0 <strong>atua\u00e7\u00e3o de fac\u00e7\u00f5es criminosas<\/strong>, segundo an\u00e1lise de especialistas.<\/p>\n\n\n\n<p>Estudos citados pelos pesquisadores <strong>Cleber Lopes<\/strong> (Departamento de Ci\u00eancias Sociais e coordenador do LEGS\/UEL) e <strong>Danilo Azolini<\/strong> (Capit\u00e3o da PMPR e doutorando em Sociologia pela UEL) apontam que <strong>organiza\u00e7\u00f5es criminosas<\/strong>, como o <strong>PCC<\/strong> e o <strong>Comando Vermelho<\/strong>, v\u00eam desenvolvendo mecanismos cada vez mais sofisticados de <strong>oculta\u00e7\u00e3o de cad\u00e1veres<\/strong>, o que pode estar <strong>mascarando homic\u00eddios nas estat\u00edsticas oficiais<\/strong>.<\/p>\n\n\n\n<p>Dados recentes refor\u00e7am essa preocupa\u00e7\u00e3o. Segundo o <em>Sinesp<\/em>, os registros de desaparecimentos cresceram <strong>2,3% no primeiro semestre de 2025<\/strong>, e a pesquisa <em>FBSP\/Datafolha<\/em> sobre vitimiza\u00e7\u00e3o e percep\u00e7\u00e3o de seguran\u00e7a mostra aumento na <strong>percep\u00e7\u00e3o de exist\u00eancia de \u201ccemit\u00e9rios clandestinos\u201d<\/strong>, que passou de <strong>8% em 2024 para 12% em 2025<\/strong>.<\/p>\n\n\n\n<p>Para os autores, compreender essa din\u00e2mica \u00e9 fundamental para o aprimoramento das pol\u00edticas p\u00fablicas de seguran\u00e7a. \u00c9 necess\u00e1rio fortalecer <strong>protocolos investigativos<\/strong> que tratem desaparecimentos com ind\u00edcios de envolvimento do crime organizado como <strong>poss\u00edveis homic\u00eddios com oculta\u00e7\u00e3o de cad\u00e1ver<\/strong>, al\u00e9m de aperfei\u00e7oar a <strong>legisla\u00e7\u00e3o espec\u00edfica<\/strong> sobre o tema.<\/p>\n\n\n\n<p>O artigo completo, <strong>\u201cDesaparecimentos, homic\u00eddios e crime organizado\u201d<\/strong>, est\u00e1 dispon\u00edvel na <a href=\"https:\/\/fontesegura.forumseguranca.org.br\/desaparecimentos-homicidios-e-crime-organizado\/\" data-type=\"link\" data-id=\"https:\/\/fontesegura.forumseguranca.org.br\/desaparecimentos-homicidios-e-crime-organizado\/\">edi\u00e7\u00e3o de 6 de novembro da newsletter <strong><em>M\u00faltiplas Vozes<\/em><\/strong>, do <strong>F\u00f3rum Brasileiro de Seguran\u00e7a P\u00fablica (FBSP)<\/strong><\/a>.<\/p>\n\n\n\n<p><\/p>\n","protected":false},"excerpt":{"rendered":"<p>A mais recente edi\u00e7\u00e3o do Anu\u00e1rio Brasileiro de Seguran\u00e7a P\u00fablica revelou um crescimento de 4,9% nos registros de desaparecimentos em 2024, totalizando 81.873 casos reportados \u00e0s Pol\u00edcias Civis \u2014 o equivalente a quatro desaparecimentos por hora. Esse aumento vem sendo observado desde 2020 e pode estar relacionado \u00e0 atua\u00e7\u00e3o de fac\u00e7\u00f5es criminosas, segundo an\u00e1lise de [&hellip;]<\/p>\n","protected":false},"author":8,"featured_media":3900,"comment_status":"open","ping_status":"open","sticky":false,"template":"","format":"standard","meta":{"_acf_changed":false,"footnotes":""},"categories":[1],"tags":[],"class_list":["post-3896","post","type-post","status-publish","format-standard","has-post-thumbnail","hentry","category-sem-categoria"],"acf":[],"_links":{"self":[{"href":"https:\/\/pos.uel.br\/ppgsoc\/wp-json\/wp\/v2\/posts\/3896","targetHints":{"allow":["GET"]}}],"collection":[{"href":"https:\/\/pos.uel.br\/ppgsoc\/wp-json\/wp\/v2\/posts"}],"about":[{"href":"https:\/\/pos.uel.br\/ppgsoc\/wp-json\/wp\/v2\/types\/post"}],"author":[{"embeddable":true,"href":"https:\/\/pos.uel.br\/ppgsoc\/wp-json\/wp\/v2\/users\/8"}],"replies":[{"embeddable":true,"href":"https:\/\/pos.uel.br\/ppgsoc\/wp-json\/wp\/v2\/comments?post=3896"}],"version-history":[{"count":2,"href":"https:\/\/pos.uel.br\/ppgsoc\/wp-json\/wp\/v2\/posts\/3896\/revisions"}],"predecessor-version":[{"id":3898,"href":"https:\/\/pos.uel.br\/ppgsoc\/wp-json\/wp\/v2\/posts\/3896\/revisions\/3898"}],"wp:featuredmedia":[{"embeddable":true,"href":"https:\/\/pos.uel.br\/ppgsoc\/wp-json\/wp\/v2\/media\/3900"}],"wp:attachment":[{"href":"https:\/\/pos.uel.br\/ppgsoc\/wp-json\/wp\/v2\/media?parent=3896"}],"wp:term":[{"taxonomy":"category","embeddable":true,"href":"https:\/\/pos.uel.br\/ppgsoc\/wp-json\/wp\/v2\/categories?post=3896"},{"taxonomy":"post_tag","embeddable":true,"href":"https:\/\/pos.uel.br\/ppgsoc\/wp-json\/wp\/v2\/tags?post=3896"}],"curies":[{"name":"wp","href":"https:\/\/api.w.org\/{rel}","templated":true}]}}