{"id":3877,"date":"2025-10-22T22:52:36","date_gmt":"2025-10-23T01:52:36","guid":{"rendered":"https:\/\/pos.uel.br\/ppgsoc\/?p=3877"},"modified":"2025-10-22T22:52:36","modified_gmt":"2025-10-23T01:52:36","slug":"projeto-abdias-do-nascimento-e-uel-promovem-debate-sobre-a-atual-situacao-do-sistema-de-cotas-nas-universidades","status":"publish","type":"post","link":"https:\/\/pos.uel.br\/ppgsoc\/sem-categoria\/2025\/10\/22\/projeto-abdias-do-nascimento-e-uel-promovem-debate-sobre-a-atual-situacao-do-sistema-de-cotas-nas-universidades\/","title":{"rendered":"Projeto Abdias do Nascimento e UEL promovem debate sobre a atual situa\u00e7\u00e3o do sistema de cotas nas universidades"},"content":{"rendered":"\n<p><\/p>\n\n\n\n<p>O evento ocorrer\u00e1 nos dias 03 e 04 de novembro e as inscri\u00e7\u00f5es podem ser feitas clicando <a href=\"https:\/\/www.sistemasweb.uel.br\/index.php?contents=system\/insc\/index.php&amp;pagina=view\/inscricoes\/seleciona_evento.php&amp;cod_evento=11380\" data-type=\"link\" data-id=\"https:\/\/www.sistemasweb.uel.br\/index.php?contents=system\/insc\/index.php&amp;pagina=view\/inscricoes\/seleciona_evento.php&amp;cod_evento=11380\"><strong>aqui<\/strong><\/a>. Confira o cronograma abaixo:<\/p>\n\n\n\n<p><\/p>\n\n\n\n<div class=\"wp-block-group\"><div class=\"wp-block-group__inner-container is-layout-constrained wp-block-group-is-layout-constrained\">\n<p class=\"has-text-align-center\">03 de novembro<\/p>\n\n\n\n<div class=\"wp-block-group\"><div class=\"wp-block-group__inner-container is-layout-constrained wp-block-group-is-layout-constrained\">\n<p><strong>19h30 \u2013Mesa de bertura<br><\/strong>Representantes de \u00d3rg\u00e3os da UEL: Reitoria, NEAB, CLCH, PPGSOC, Colegiado e Depto. de Ci\u00eancias Sociais<\/p>\n\n\n\n<p><br><strong>20h00 \u2013Confer\u00eancia<br>AQUILOMBAR A UNIVERSIDADE<\/strong>: Re-exist\u00eancias por meio das A\u00e7\u00f5es Afirmativas<br>na Educa\u00e7\u00e3o Superior brasileira<br><strong>Alexandre Brasil<\/strong> (UFRJ) -Diretor da Secretaria Executiva do MEC. Ex-Secret\u00e1rio<br>da Secret\u00e1ria de Educa\u00e7\u00e3o Superior do Minist\u00e9rio da Educa\u00e7\u00e3o<\/p>\n\n\n\n<p class=\"has-text-align-center\"><br>04 de novembro<\/p>\n\n\n\n<p class=\"has-text-align-left\"><br><strong>08h30 \u2013 Os desafios do acesso aos dados da Educa\u00e7\u00e3o Superior<br>Maria Ang\u00e9lica Minhoto<\/strong> (UniFeSP), <strong>Roniberto Amaral <\/strong>(Ufscar), <strong>Ecila Migliori<\/strong> (UniFeSP)<br>Mediadora: <strong>Luciana Mello<\/strong> (UFGRS)<\/p>\n\n\n\n<p class=\"has-text-align-left\"><br><strong>10h15 \u2013 As rela\u00e7\u00f5es raciais e as A\u00e7\u00f5es Afirmativas na Educa\u00e7\u00e3o Superior<br>Paulo Neves<\/strong> (UFABC), <strong>Joaze Bernardino<\/strong> (UnB) e <strong>Tatiana Silva<\/strong> (MIR\/IPEA)<br>Mediadora &#8211; <strong>Mariana Panta<\/strong> (UFBA)<\/p>\n\n\n\n<p class=\"has-text-align-left\"><br><strong>14h30 \u2013Oficina: Rela\u00e7\u00f5es Raciais em N\u00fameros &#8211; Bibliometria<br>Roniberto Amaral<\/strong> (UFSCar) e <strong>Alex Eleot\u00e9rio<\/strong> (UEL)<br>Mediador &#8211; <strong>Nikolas Pallisser<\/strong> (UEL)<\/p>\n\n\n\n<p class=\"has-text-align-left\"><br><strong>19h00 \u2013Confer\u00eancia<br>ENTRE O ACESSO E A PERMAN\u00caNCIA:<\/strong> Pol\u00edticas Afirmativas para Mulheres<br><strong>Lygia Pupatto<\/strong> (UEL) -Assessora Especial do Minist\u00e9rio das Mulheres. Ex Reitora<\/p>\n<\/div><\/div>\n<\/div><\/div>\n\n\n\n<p><\/p>\n","protected":false},"excerpt":{"rendered":"<p>O evento ocorrer\u00e1 nos dias 03 e 04 de novembro e as inscri\u00e7\u00f5es podem ser feitas clicando aqui. Confira o cronograma abaixo: 03 de novembro 19h30 \u2013Mesa de berturaRepresentantes de \u00d3rg\u00e3os da UEL: Reitoria, NEAB, CLCH, PPGSOC, Colegiado e Depto. de Ci\u00eancias Sociais 20h00 \u2013Confer\u00eanciaAQUILOMBAR A UNIVERSIDADE: Re-exist\u00eancias por meio das A\u00e7\u00f5es Afirmativasna Educa\u00e7\u00e3o Superior [&hellip;]<\/p>\n","protected":false},"author":8,"featured_media":3879,"comment_status":"open","ping_status":"open","sticky":false,"template":"","format":"standard","meta":{"_acf_changed":false,"footnotes":""},"categories":[1],"tags":[],"class_list":["post-3877","post","type-post","status-publish","format-standard","has-post-thumbnail","hentry","category-sem-categoria"],"acf":[],"_links":{"self":[{"href":"https:\/\/pos.uel.br\/ppgsoc\/wp-json\/wp\/v2\/posts\/3877","targetHints":{"allow":["GET"]}}],"collection":[{"href":"https:\/\/pos.uel.br\/ppgsoc\/wp-json\/wp\/v2\/posts"}],"about":[{"href":"https:\/\/pos.uel.br\/ppgsoc\/wp-json\/wp\/v2\/types\/post"}],"author":[{"embeddable":true,"href":"https:\/\/pos.uel.br\/ppgsoc\/wp-json\/wp\/v2\/users\/8"}],"replies":[{"embeddable":true,"href":"https:\/\/pos.uel.br\/ppgsoc\/wp-json\/wp\/v2\/comments?post=3877"}],"version-history":[{"count":1,"href":"https:\/\/pos.uel.br\/ppgsoc\/wp-json\/wp\/v2\/posts\/3877\/revisions"}],"predecessor-version":[{"id":3881,"href":"https:\/\/pos.uel.br\/ppgsoc\/wp-json\/wp\/v2\/posts\/3877\/revisions\/3881"}],"wp:featuredmedia":[{"embeddable":true,"href":"https:\/\/pos.uel.br\/ppgsoc\/wp-json\/wp\/v2\/media\/3879"}],"wp:attachment":[{"href":"https:\/\/pos.uel.br\/ppgsoc\/wp-json\/wp\/v2\/media?parent=3877"}],"wp:term":[{"taxonomy":"category","embeddable":true,"href":"https:\/\/pos.uel.br\/ppgsoc\/wp-json\/wp\/v2\/categories?post=3877"},{"taxonomy":"post_tag","embeddable":true,"href":"https:\/\/pos.uel.br\/ppgsoc\/wp-json\/wp\/v2\/tags?post=3877"}],"curies":[{"name":"wp","href":"https:\/\/api.w.org\/{rel}","templated":true}]}}