{"id":3868,"date":"2025-10-17T23:07:12","date_gmt":"2025-10-18T02:07:12","guid":{"rendered":"https:\/\/pos.uel.br\/ppgsoc\/?p=3868"},"modified":"2025-11-07T10:05:24","modified_gmt":"2025-11-07T13:05:24","slug":"publicacao-do-livro-dinamicas-democraticas-e-culturais-perspectivas-sociologicas-sobre-estado-e-desigualdades","status":"publish","type":"post","link":"https:\/\/pos.uel.br\/ppgsoc\/sem-categoria\/2025\/10\/17\/publicacao-do-livro-dinamicas-democraticas-e-culturais-perspectivas-sociologicas-sobre-estado-e-desigualdades\/","title":{"rendered":"Publica\u00e7\u00e3o do livro &#8220;Din\u00e2micas Democr\u00e1ticas e Culturais: Perspectivas Sociol\u00f3gicas sobre Estado e Desigualdades&#8221;"},"content":{"rendered":"\n<p>Este e-book gratuito re\u00fane reflex\u00f5es sociol\u00f3gicas sobre Estado, democracia, cultura e desigualdades sociais, entre outros temas relevantes!<\/p>\n\n\n\n<p>A obra apresenta pesquisas\/artigos que exploram temas como:<br>Educa\u00e7\u00e3o, diversidade e resist\u00eancias<br>Ra\u00e7a, g\u00eanero e corporalidades<br>Neoliberalismo, trabalho e desenvolvimento<br>Poder, controle social e seguran\u00e7a p\u00fablica<br>Modernidade, sociedade civil e quest\u00f5es ambientais<\/p>\n\n\n\n<p>Cada cap\u00edtulo \u00e9 um convite \u00e0 reflex\u00e3o sobre as interseccionalidades que moldam a sociedade contempor\u00e2nea, fortalecendo a Sociologia enquanto ferramenta de compreens\u00e3o cr\u00edtica e resist\u00eancia.<\/p>\n\n\n\n<p>Organizado pela Profa. Dra. \u00c2ngela Maria de Sousa Lima e pelos discentes Luan Carlos Nalin, Tamara Vieira e Ursula Boreal Lopes Brevilheri, com apoio do PPGSOC\/UEL.<\/p>\n\n\n\n<p>Dispon\u00edvel gratuitamente <a href=\"https:\/\/drive.google.com\/file\/d\/1UbNi2GOTaG_Wx84G3eg3NqU9eS2d_X-W\/view?usp=sharing\" data-type=\"link\" data-id=\"https:\/\/drive.google.com\/file\/d\/1UbNi2GOTaG_Wx84G3eg3NqU9eS2d_X-W\/view?usp=sharing\"><strong>aqui<\/strong><\/a><\/p>\n","protected":false},"excerpt":{"rendered":"<p>Este e-book gratuito re\u00fane reflex\u00f5es sociol\u00f3gicas sobre Estado, democracia, cultura e desigualdades sociais, entre outros temas relevantes! A obra apresenta pesquisas\/artigos que exploram temas como:Educa\u00e7\u00e3o, diversidade e resist\u00eanciasRa\u00e7a, g\u00eanero e corporalidadesNeoliberalismo, trabalho e desenvolvimentoPoder, controle social e seguran\u00e7a p\u00fablicaModernidade, sociedade civil e quest\u00f5es ambientais Cada cap\u00edtulo \u00e9 um convite \u00e0 reflex\u00e3o sobre as interseccionalidades que [&hellip;]<\/p>\n","protected":false},"author":8,"featured_media":1415,"comment_status":"open","ping_status":"open","sticky":false,"template":"","format":"standard","meta":{"_acf_changed":false,"footnotes":""},"categories":[1],"tags":[],"class_list":["post-3868","post","type-post","status-publish","format-standard","has-post-thumbnail","hentry","category-sem-categoria"],"acf":[],"_links":{"self":[{"href":"https:\/\/pos.uel.br\/ppgsoc\/wp-json\/wp\/v2\/posts\/3868","targetHints":{"allow":["GET"]}}],"collection":[{"href":"https:\/\/pos.uel.br\/ppgsoc\/wp-json\/wp\/v2\/posts"}],"about":[{"href":"https:\/\/pos.uel.br\/ppgsoc\/wp-json\/wp\/v2\/types\/post"}],"author":[{"embeddable":true,"href":"https:\/\/pos.uel.br\/ppgsoc\/wp-json\/wp\/v2\/users\/8"}],"replies":[{"embeddable":true,"href":"https:\/\/pos.uel.br\/ppgsoc\/wp-json\/wp\/v2\/comments?post=3868"}],"version-history":[{"count":2,"href":"https:\/\/pos.uel.br\/ppgsoc\/wp-json\/wp\/v2\/posts\/3868\/revisions"}],"predecessor-version":[{"id":3870,"href":"https:\/\/pos.uel.br\/ppgsoc\/wp-json\/wp\/v2\/posts\/3868\/revisions\/3870"}],"wp:featuredmedia":[{"embeddable":true,"href":"https:\/\/pos.uel.br\/ppgsoc\/wp-json\/wp\/v2\/media\/1415"}],"wp:attachment":[{"href":"https:\/\/pos.uel.br\/ppgsoc\/wp-json\/wp\/v2\/media?parent=3868"}],"wp:term":[{"taxonomy":"category","embeddable":true,"href":"https:\/\/pos.uel.br\/ppgsoc\/wp-json\/wp\/v2\/categories?post=3868"},{"taxonomy":"post_tag","embeddable":true,"href":"https:\/\/pos.uel.br\/ppgsoc\/wp-json\/wp\/v2\/tags?post=3868"}],"curies":[{"name":"wp","href":"https:\/\/api.w.org\/{rel}","templated":true}]}}