{"id":3725,"date":"2025-05-21T17:54:18","date_gmt":"2025-05-21T20:54:18","guid":{"rendered":"https:\/\/pos.uel.br\/ppgsoc\/?p=3725"},"modified":"2025-05-21T19:50:54","modified_gmt":"2025-05-21T22:50:54","slug":"evento-acao-afirmativa-na-educacao-superior-conquistas-e-desafios","status":"publish","type":"post","link":"https:\/\/pos.uel.br\/ppgsoc\/sem-categoria\/2025\/05\/21\/evento-acao-afirmativa-na-educacao-superior-conquistas-e-desafios\/","title":{"rendered":"Evento \u201cA\u00e7\u00e3o Afirmativa na Educa\u00e7\u00e3o Superior: conquistas e desafios\u201d"},"content":{"rendered":"\n<figure class=\"wp-block-image size-large\"><img loading=\"lazy\" decoding=\"async\" width=\"724\" height=\"1024\" src=\"https:\/\/pos.uel.br\/ppgsoc\/wp-content\/uploads\/2025\/05\/baa1ba83-e4fc-4169-9de4-6fa80ce7ebcb-724x1024.jpg\" alt=\"\" class=\"wp-image-3726\" srcset=\"https:\/\/pos.uel.br\/ppgsoc\/wp-content\/uploads\/2025\/05\/baa1ba83-e4fc-4169-9de4-6fa80ce7ebcb-724x1024.jpg 724w, https:\/\/pos.uel.br\/ppgsoc\/wp-content\/uploads\/2025\/05\/baa1ba83-e4fc-4169-9de4-6fa80ce7ebcb-212x300.jpg 212w, https:\/\/pos.uel.br\/ppgsoc\/wp-content\/uploads\/2025\/05\/baa1ba83-e4fc-4169-9de4-6fa80ce7ebcb-768x1086.jpg 768w, https:\/\/pos.uel.br\/ppgsoc\/wp-content\/uploads\/2025\/05\/baa1ba83-e4fc-4169-9de4-6fa80ce7ebcb-1086x1536.jpg 1086w, https:\/\/pos.uel.br\/ppgsoc\/wp-content\/uploads\/2025\/05\/baa1ba83-e4fc-4169-9de4-6fa80ce7ebcb.jpg 1131w\" sizes=\"auto, (max-width: 724px) 100vw, 724px\" \/><\/figure>\n\n\n\n<p>Convidamos todos, todas e todes a participarem do evento \u201cA\u00e7\u00e3o Afirmativa na Educa\u00e7\u00e3o Superior: conquistas e desafios\u201d!<\/p>\n\n\n\n<p>\ud83d\uddd3\ufe0f Dias 03 e 04 de junho<br>\ud83d\udccd Anfiteatro maior do CCH \u2013 UEL<br>\ud83c\udd93 Evento gratuito com certifica\u00e7\u00e3o<br>\ud83c\udf93 Mesas e confer\u00eancias com especialistas sobre a\u00e7\u00f5es afirmativas no ensino superior<\/p>\n\n\n\n<p>\ud83d\udd17 Inscreva-se:<br><a href=\"https:\/\/sites.uel.br\/leafro\/acao-afirmativa-na-educacao-superior-conquistas-e-desafios\">https:\/\/sites.uel.br\/leafro\/acao-afirmativa-na-educacao-superior-conquistas-e-desafios<\/a><\/p>\n\n\n\n<p>Contamos com sua presen\u00e7a para enriquecer esse espa\u00e7o de di\u00e1logo e reflex\u00e3o!<\/p>\n\n\n\n<p><\/p>\n","protected":false},"excerpt":{"rendered":"<p>Convidamos todos, todas e todes a participarem do evento \u201cA\u00e7\u00e3o Afirmativa na Educa\u00e7\u00e3o Superior: conquistas e desafios\u201d! \ud83d\uddd3\ufe0f Dias 03 e 04 de junho\ud83d\udccd Anfiteatro maior do CCH \u2013 UEL\ud83c\udd93 Evento gratuito com certifica\u00e7\u00e3o\ud83c\udf93 Mesas e confer\u00eancias com especialistas sobre a\u00e7\u00f5es afirmativas no ensino superior \ud83d\udd17 Inscreva-se:https:\/\/sites.uel.br\/leafro\/acao-afirmativa-na-educacao-superior-conquistas-e-desafios Contamos com sua presen\u00e7a para enriquecer esse espa\u00e7o [&hellip;]<\/p>\n","protected":false},"author":8,"featured_media":3726,"comment_status":"open","ping_status":"open","sticky":false,"template":"","format":"standard","meta":{"_acf_changed":false,"footnotes":""},"categories":[1],"tags":[],"class_list":["post-3725","post","type-post","status-publish","format-standard","has-post-thumbnail","hentry","category-sem-categoria"],"acf":[],"_links":{"self":[{"href":"https:\/\/pos.uel.br\/ppgsoc\/wp-json\/wp\/v2\/posts\/3725","targetHints":{"allow":["GET"]}}],"collection":[{"href":"https:\/\/pos.uel.br\/ppgsoc\/wp-json\/wp\/v2\/posts"}],"about":[{"href":"https:\/\/pos.uel.br\/ppgsoc\/wp-json\/wp\/v2\/types\/post"}],"author":[{"embeddable":true,"href":"https:\/\/pos.uel.br\/ppgsoc\/wp-json\/wp\/v2\/users\/8"}],"replies":[{"embeddable":true,"href":"https:\/\/pos.uel.br\/ppgsoc\/wp-json\/wp\/v2\/comments?post=3725"}],"version-history":[{"count":1,"href":"https:\/\/pos.uel.br\/ppgsoc\/wp-json\/wp\/v2\/posts\/3725\/revisions"}],"predecessor-version":[{"id":3727,"href":"https:\/\/pos.uel.br\/ppgsoc\/wp-json\/wp\/v2\/posts\/3725\/revisions\/3727"}],"wp:featuredmedia":[{"embeddable":true,"href":"https:\/\/pos.uel.br\/ppgsoc\/wp-json\/wp\/v2\/media\/3726"}],"wp:attachment":[{"href":"https:\/\/pos.uel.br\/ppgsoc\/wp-json\/wp\/v2\/media?parent=3725"}],"wp:term":[{"taxonomy":"category","embeddable":true,"href":"https:\/\/pos.uel.br\/ppgsoc\/wp-json\/wp\/v2\/categories?post=3725"},{"taxonomy":"post_tag","embeddable":true,"href":"https:\/\/pos.uel.br\/ppgsoc\/wp-json\/wp\/v2\/tags?post=3725"}],"curies":[{"name":"wp","href":"https:\/\/api.w.org\/{rel}","templated":true}]}}