{"id":3707,"date":"2025-03-31T11:39:13","date_gmt":"2025-03-31T14:39:13","guid":{"rendered":"https:\/\/pos.uel.br\/ppgsoc\/?p=3707"},"modified":"2025-03-31T11:39:14","modified_gmt":"2025-03-31T14:39:14","slug":"v-semana-de-ingressantes-ppgsoc","status":"publish","type":"post","link":"https:\/\/pos.uel.br\/ppgsoc\/sem-categoria\/2025\/03\/31\/v-semana-de-ingressantes-ppgsoc\/","title":{"rendered":"V SEMANA DE INGRESSANTES PPGSOC"},"content":{"rendered":"\n<p>Temos o prazer de convidar para a V Semana de Ingressantes no Programa de P\u00f3s-Gradua\u00e7\u00e3o em Sociologia (PPGSOC\/UEL). Nesta edi\u00e7\u00e3o, o evento traz o tema &#8220;A Sociologia do Fim do Mundo em Di\u00e1logo com o Amanh\u00e3: Meio Ambiente, Intelig\u00eancia Artificial e Negacionismos&#8221; e ser\u00e1 realizado de 31\/03\/2025 a 03\/04\/2025, de forma h\u00edbrida.<br>Os minicursos acontecer\u00e3o virtualmente via Google Meet.<br>As confer\u00eancias e mesas-redondas ser\u00e3o realizadas presencialmente no CLCH\/UEL.<\/p>\n\n\n\n<p>\ud83d\udccc Inscri\u00e7\u00f5es gratuitas abertas at\u00e9 31\/03\/2025: http:\/\/www.uel.br\/eventos\/insc\/?id=10188<\/p>\n\n\n\n<p>\ud83d\udccc Ap\u00f3s a inscri\u00e7\u00e3o, solicite os links de acesso \u00e0s salas dos minicursos atrav\u00e9s do formul\u00e1rio: https:\/\/forms.gle\/3eok6Qo9PtujSVtt7<\/p>\n\n\n\n<p>Acompanhe as atualiza\u00e7\u00f5es do evento no Instagram: @sippgsocuel<\/p>\n\n\n\n<figure class=\"wp-block-image size-large\"><img loading=\"lazy\" decoding=\"async\" width=\"1024\" height=\"1024\" src=\"https:\/\/pos.uel.br\/ppgsoc\/wp-content\/uploads\/2025\/03\/475864628_17963820953848971_6371586946507482501_n-1024x1024.jpg\" alt=\"\" class=\"wp-image-3708\" srcset=\"https:\/\/pos.uel.br\/ppgsoc\/wp-content\/uploads\/2025\/03\/475864628_17963820953848971_6371586946507482501_n-1024x1024.jpg 1024w, https:\/\/pos.uel.br\/ppgsoc\/wp-content\/uploads\/2025\/03\/475864628_17963820953848971_6371586946507482501_n-300x300.jpg 300w, https:\/\/pos.uel.br\/ppgsoc\/wp-content\/uploads\/2025\/03\/475864628_17963820953848971_6371586946507482501_n-150x150.jpg 150w, https:\/\/pos.uel.br\/ppgsoc\/wp-content\/uploads\/2025\/03\/475864628_17963820953848971_6371586946507482501_n-768x768.jpg 768w, https:\/\/pos.uel.br\/ppgsoc\/wp-content\/uploads\/2025\/03\/475864628_17963820953848971_6371586946507482501_n.jpg 1177w\" sizes=\"auto, (max-width: 1024px) 100vw, 1024px\" \/><\/figure>\n\n\n\n<figure class=\"wp-block-image size-large\"><img loading=\"lazy\" decoding=\"async\" width=\"1024\" height=\"724\" src=\"https:\/\/pos.uel.br\/ppgsoc\/wp-content\/uploads\/2025\/03\/V-SEIN-Programacao-1_page-0001-1024x724.jpg\" alt=\"\" class=\"wp-image-3709\" srcset=\"https:\/\/pos.uel.br\/ppgsoc\/wp-content\/uploads\/2025\/03\/V-SEIN-Programacao-1_page-0001-1024x724.jpg 1024w, https:\/\/pos.uel.br\/ppgsoc\/wp-content\/uploads\/2025\/03\/V-SEIN-Programacao-1_page-0001-300x212.jpg 300w, https:\/\/pos.uel.br\/ppgsoc\/wp-content\/uploads\/2025\/03\/V-SEIN-Programacao-1_page-0001-768x543.jpg 768w, https:\/\/pos.uel.br\/ppgsoc\/wp-content\/uploads\/2025\/03\/V-SEIN-Programacao-1_page-0001-1536x1086.jpg 1536w, https:\/\/pos.uel.br\/ppgsoc\/wp-content\/uploads\/2025\/03\/V-SEIN-Programacao-1_page-0001.jpg 1755w\" sizes=\"auto, (max-width: 1024px) 100vw, 1024px\" \/><\/figure>\n","protected":false},"excerpt":{"rendered":"<p>Temos o prazer de convidar para a V Semana de Ingressantes no Programa de P\u00f3s-Gradua\u00e7\u00e3o em Sociologia (PPGSOC\/UEL). Nesta edi\u00e7\u00e3o, o evento traz o tema &#8220;A Sociologia do Fim do Mundo em Di\u00e1logo com o Amanh\u00e3: Meio Ambiente, Intelig\u00eancia Artificial e Negacionismos&#8221; e ser\u00e1 realizado de 31\/03\/2025 a 03\/04\/2025, de forma h\u00edbrida.Os minicursos acontecer\u00e3o virtualmente [&hellip;]<\/p>\n","protected":false},"author":1,"featured_media":3708,"comment_status":"open","ping_status":"open","sticky":false,"template":"","format":"standard","meta":{"_acf_changed":false,"footnotes":""},"categories":[1],"tags":[],"class_list":["post-3707","post","type-post","status-publish","format-standard","has-post-thumbnail","hentry","category-sem-categoria"],"acf":[],"_links":{"self":[{"href":"https:\/\/pos.uel.br\/ppgsoc\/wp-json\/wp\/v2\/posts\/3707","targetHints":{"allow":["GET"]}}],"collection":[{"href":"https:\/\/pos.uel.br\/ppgsoc\/wp-json\/wp\/v2\/posts"}],"about":[{"href":"https:\/\/pos.uel.br\/ppgsoc\/wp-json\/wp\/v2\/types\/post"}],"author":[{"embeddable":true,"href":"https:\/\/pos.uel.br\/ppgsoc\/wp-json\/wp\/v2\/users\/1"}],"replies":[{"embeddable":true,"href":"https:\/\/pos.uel.br\/ppgsoc\/wp-json\/wp\/v2\/comments?post=3707"}],"version-history":[{"count":1,"href":"https:\/\/pos.uel.br\/ppgsoc\/wp-json\/wp\/v2\/posts\/3707\/revisions"}],"predecessor-version":[{"id":3710,"href":"https:\/\/pos.uel.br\/ppgsoc\/wp-json\/wp\/v2\/posts\/3707\/revisions\/3710"}],"wp:featuredmedia":[{"embeddable":true,"href":"https:\/\/pos.uel.br\/ppgsoc\/wp-json\/wp\/v2\/media\/3708"}],"wp:attachment":[{"href":"https:\/\/pos.uel.br\/ppgsoc\/wp-json\/wp\/v2\/media?parent=3707"}],"wp:term":[{"taxonomy":"category","embeddable":true,"href":"https:\/\/pos.uel.br\/ppgsoc\/wp-json\/wp\/v2\/categories?post=3707"},{"taxonomy":"post_tag","embeddable":true,"href":"https:\/\/pos.uel.br\/ppgsoc\/wp-json\/wp\/v2\/tags?post=3707"}],"curies":[{"name":"wp","href":"https:\/\/api.w.org\/{rel}","templated":true}]}}