{"id":3704,"date":"2025-03-31T11:27:21","date_gmt":"2025-03-31T14:27:21","guid":{"rendered":"https:\/\/pos.uel.br\/ppgsoc\/?p=3704"},"modified":"2025-03-31T11:27:22","modified_gmt":"2025-03-31T14:27:22","slug":"pesquisadores-da-uel-sao-destaque-no-premio-memorias-reveladas-do-arquivo-nacional","status":"publish","type":"post","link":"https:\/\/pos.uel.br\/ppgsoc\/sem-categoria\/2025\/03\/31\/pesquisadores-da-uel-sao-destaque-no-premio-memorias-reveladas-do-arquivo-nacional\/","title":{"rendered":"Pesquisadores da UEL s\u00e3o destaque no Pr\u00eamio Mem\u00f3rias Reveladas, do Arquivo Nacional"},"content":{"rendered":"\n<p>Publicado originalmente pela Ag\u00eancia UEL no portal <a href=\"https:\/\/operobal.uel.br\/clch\/2025\/03\/28\/pesquisadores-da-uel-sao-destaque-no-premio-memorias-reveladas-do-arquivo-nacional\/#:~:text=Desenvolvido%20em%20parceria%20com%20o,previs\u00e3o%20de%20lan\u00e7amento%20em%202025\">O Perobal<\/a> em 28 de mar\u00e7o de 2025 \u00e0s 15h25<\/p>\n\n\n\n<p>O projeto de pesquisa \u201cOs Documentos In\u00e9ditos dos Arquivos do SNI (Paran\u00e1-BR), do Projeto Opening The Archives e da CIA (EUA)\u201d, da Universidade Estadual de Londrina (UEL), foi um dos grandes vencedores do&nbsp;<a href=\"https:\/\/premios.an.gov.br\/index.php\/premio\/classificacaopremiomr2024?fbclid=PAZXh0bgNhZW0CMTEAAaZFfcCtE8Hag1TC0v0l7OoFD7fQaZ_q-ePD62QxfdpUBx-sLbb-z9JIb2w_aem_b19SZAFE8l5XjmWZIN384A\" target=\"_blank\" rel=\"noreferrer noopener\">5\u00ba Pr\u00eamio de Pesquisa Mem\u00f3rias Reveladas<\/a>, do Arquivo Nacional. Desenvolvido em parceria com o Projeto Pr\u00e1xis Itinerante, o estudo conquistou pr\u00eamios nas tr\u00eas categorias da premia\u00e7\u00e3o: Artigo Cient\u00edfico, Projeto Pedag\u00f3gico e Material de Comunica\u00e7\u00e3o. Os projetos vencedores ser\u00e3o&nbsp;publicados&nbsp;em uma colet\u00e2nea, com previs\u00e3o de lan\u00e7amento em 2025.&nbsp;<\/p>\n\n\n\n<p>Na categoria Artigo Cient\u00edfico, a pesquisa foi premiada pelo trabalho \u201cEduca\u00e7\u00e3o, Mem\u00f3ria e Resist\u00eancia: o uso de fontes documentais in\u00e9ditas e document\u00e1rios no trabalho pedag\u00f3gico sobre a ditadura militar no Brasil\u201d, assinado por&nbsp;Jeferson Anibal Gonzalez. Tamb\u00e9m s\u00e3o autores Luan Prado Piovani, F\u00e1bio Lanza, Jeferson Gonzalez e Luciano Augusto Gomes, pesquisador do Programa de P\u00f3s-gradua\u00e7\u00e3o em Sociologia da UEL (PPGSOC).<\/p>\n\n\n\n<figure class=\"wp-block-image\"><img decoding=\"async\" src=\"https:\/\/operobal.uel.br\/wp-content\/webp-express\/webp-images\/doc-root\/wp-content\/uploads\/2025\/03\/WhatsApp-Image-2025-03-28-at-14.15.36-757x1024.jpeg.webp\" alt=\"\" class=\"wp-image-96041\" \/><\/figure>\n\n\n\n<p>J\u00e1 na categoria Material de Comunica\u00e7\u00e3o, o document\u00e1rio&nbsp;<a href=\"https:\/\/operobal.uel.br\/clch\/2023\/08\/29\/historiadora-media-audiovisual-sobre-conflitos-agrarios-no-seculo-xx-no-pr\/\" target=\"_blank\" rel=\"noreferrer noopener\">\u201cTerras do Paran\u00e1: conflitos sob o prisma dos arquivos in\u00e9ditos do s\u00e9culo XX\u201d<\/a>&nbsp;garantiu o pr\u00eamio para os pesquisadores da UEL Luan Piovani e F\u00e1bio Lanza, docente do Departamento de Ci\u00eancias Sociais da UEL e coordenador do&nbsp;<a href=\"https:\/\/www.instagram.com\/praxisitinerante\/\" target=\"_blank\" rel=\"noreferrer noopener\">Pr\u00e1xis Itinerante<\/a>.&nbsp;O document\u00e1rio \u201cAs Terras do Paran\u00e1\u201d est\u00e1&nbsp;<a href=\"https:\/\/www.youtube.com\/watch?v=t_jhS2QQNIw\" target=\"_blank\" rel=\"noreferrer noopener\">dispon\u00edvel no YouTube<\/a>.<\/p>\n\n\n\n<figure class=\"wp-block-embed is-type-video is-provider-youtube wp-block-embed-youtube wp-embed-aspect-16-9 wp-has-aspect-ratio\"><div class=\"wp-block-embed__wrapper\">\n<iframe loading=\"lazy\" title=\"As Terras do Paran\u00e1 - Document\u00e1rio\" width=\"640\" height=\"360\" src=\"https:\/\/www.youtube.com\/embed\/t_jhS2QQNIw?feature=oembed\" frameborder=\"0\" allow=\"accelerometer; autoplay; clipboard-write; encrypted-media; gyroscope; picture-in-picture; web-share\" referrerpolicy=\"strict-origin-when-cross-origin\" allowfullscreen><\/iframe>\n<\/div><\/figure>\n\n\n\n<p>Na categoria Projeto Pedag\u00f3gico, o destaque foi o projeto \u201cJuventudes e Participa\u00e7\u00e3o\u201d, coordenado pelo professor Jos\u00e9 Wilson Assis Neves Jr., que tamb\u00e9m levou o reconhecimento. Doutor em Ci\u00eancias Sociais pela Unesp, Neves Jr. \u00e9 egresso do Centro de Letras e Ci\u00eancias Humanas (CLCH) da UEL, al\u00e9m de integrar o projeto.\u00a0\u00a0<\/p>\n\n\n\n<p><strong>Pr\u00eamio de Pesquisa Mem\u00f3rias Reveladas<\/strong><\/p>\n\n\n\n<p>Iniciado em 2010 e realizado a cada dois anos, o Pr\u00eamio de Pesquisa Mem\u00f3rias Reveladas tem como objetivo destacar resultados de pesquisas com base em fontes documentais referentes ao per\u00edodo da ditadura militar brasileira e suas consequ\u00eancias em anos posteriores, sob a guarda ou n\u00e3o do Arquivo Nacional.<\/p>\n\n\n\n<p>Conforme a organiza\u00e7\u00e3o, a 5\u00aa edi\u00e7\u00e3o, que \u00e9 de 2024, recebeu 85&nbsp;submiss\u00f5es, o maior n\u00famero desde a sua cria\u00e7\u00e3o. Destes, 26 trabalhos foram premiados nas tr\u00eas categorias: Artigos Acad\u00eamicos, Materiais de Comunica\u00e7\u00e3o e Projetos Pedag\u00f3gicos.<\/p>\n\n\n\n<p>&nbsp;\u201cO recorde&nbsp;de inscri\u00e7\u00f5es nesta edi\u00e7\u00e3o do Pr\u00eamio Mem\u00f3rias&nbsp;Reveladas demonstra a&nbsp;grande demanda&nbsp;desde a \u00faltima&nbsp;oferta de concurso&nbsp;do AN&nbsp;relacionado \u00e0 tem\u00e1tica da ditadura militar e seus desdobramentos no presente. Estamos contentes com o sucesso das novas categorias do pr\u00eamio, o que confirma a necessidade de refletirmos sobre&nbsp;essa hist\u00f3ria&nbsp;a partir de diferentes formatos\u201d, comenta Gabrielle Abreu,&nbsp;Diretora de Processamento T\u00e9cnico, Preserva\u00e7\u00e3o e Acesso ao Acervo.&nbsp;<\/p>\n\n\n\n<p>Da participa\u00e7\u00e3o por regi\u00e3o, o Sudeste foi o l\u00edder de inscri\u00e7\u00f5es, sendo acompanhado pelas regi\u00f5es Sul (17), Nordeste (12), Centro-Oeste (5) e Norte (2). As inscri\u00e7\u00f5es contaram ainda com uma candidatura internacional da Espanha.&nbsp;Em rela\u00e7\u00e3o a g\u00eanero, ao todo foram&nbsp;58&nbsp;mulheres e&nbsp;41&nbsp;homens inscritos, considerando as inscri\u00e7\u00f5es individuais e a dos participantes com submiss\u00f5es em grupo.&nbsp;<\/p>\n\n\n\n<p>O concurso \u00e9 aberto a todos, independentemente do n\u00edvel de forma\u00e7\u00e3o acad\u00eamica, e a an\u00e1lise dos projetos inscritos \u00e9 realizada por comiss\u00e3o julgadora formada por especialistas com atua\u00e7\u00e3o consolidada em suas \u00e1reas de conhecimento.<\/p>\n","protected":false},"excerpt":{"rendered":"<p>Publicado originalmente pela Ag\u00eancia UEL no portal O Perobal em 28 de mar\u00e7o de 2025 \u00e0s 15h25 O projeto de pesquisa \u201cOs Documentos In\u00e9ditos dos Arquivos do SNI (Paran\u00e1-BR), do Projeto Opening The Archives e da CIA (EUA)\u201d, da Universidade Estadual de Londrina (UEL), foi um dos grandes vencedores do&nbsp;5\u00ba Pr\u00eamio de Pesquisa Mem\u00f3rias Reveladas, [&hellip;]<\/p>\n","protected":false},"author":1,"featured_media":3705,"comment_status":"open","ping_status":"open","sticky":false,"template":"","format":"standard","meta":{"_acf_changed":false,"footnotes":""},"categories":[1],"tags":[],"class_list":["post-3704","post","type-post","status-publish","format-standard","has-post-thumbnail","hentry","category-sem-categoria"],"acf":[],"_links":{"self":[{"href":"https:\/\/pos.uel.br\/ppgsoc\/wp-json\/wp\/v2\/posts\/3704","targetHints":{"allow":["GET"]}}],"collection":[{"href":"https:\/\/pos.uel.br\/ppgsoc\/wp-json\/wp\/v2\/posts"}],"about":[{"href":"https:\/\/pos.uel.br\/ppgsoc\/wp-json\/wp\/v2\/types\/post"}],"author":[{"embeddable":true,"href":"https:\/\/pos.uel.br\/ppgsoc\/wp-json\/wp\/v2\/users\/1"}],"replies":[{"embeddable":true,"href":"https:\/\/pos.uel.br\/ppgsoc\/wp-json\/wp\/v2\/comments?post=3704"}],"version-history":[{"count":1,"href":"https:\/\/pos.uel.br\/ppgsoc\/wp-json\/wp\/v2\/posts\/3704\/revisions"}],"predecessor-version":[{"id":3706,"href":"https:\/\/pos.uel.br\/ppgsoc\/wp-json\/wp\/v2\/posts\/3704\/revisions\/3706"}],"wp:featuredmedia":[{"embeddable":true,"href":"https:\/\/pos.uel.br\/ppgsoc\/wp-json\/wp\/v2\/media\/3705"}],"wp:attachment":[{"href":"https:\/\/pos.uel.br\/ppgsoc\/wp-json\/wp\/v2\/media?parent=3704"}],"wp:term":[{"taxonomy":"category","embeddable":true,"href":"https:\/\/pos.uel.br\/ppgsoc\/wp-json\/wp\/v2\/categories?post=3704"},{"taxonomy":"post_tag","embeddable":true,"href":"https:\/\/pos.uel.br\/ppgsoc\/wp-json\/wp\/v2\/tags?post=3704"}],"curies":[{"name":"wp","href":"https:\/\/api.w.org\/{rel}","templated":true}]}}