{"id":3496,"date":"2024-09-02T16:56:09","date_gmt":"2024-09-02T19:56:09","guid":{"rendered":"https:\/\/pos.uel.br\/ppgsoc\/?p=3496"},"modified":"2024-09-03T14:13:25","modified_gmt":"2024-09-03T17:13:25","slug":"vigilancia-privada-e-tema-de-novo-artigo-na-folha-de-sao-paulo","status":"publish","type":"post","link":"https:\/\/pos.uel.br\/ppgsoc\/sem-categoria\/2024\/09\/02\/vigilancia-privada-e-tema-de-novo-artigo-na-folha-de-sao-paulo\/","title":{"rendered":"Vigil\u00e2ncia privada \u00e9 tema de novo artigo na Folha de S\u00e3o Paulo."},"content":{"rendered":"\n<p>O professor do PPGSOC-UEL e coordenador do <a href=\"https:\/\/legs.laboratorios.uel.br\">LEGS \u2013 Laborat\u00f3rio de Estudos sobre Governan\u00e7a da Seguran\u00e7a<\/a>, Dr. Cl\u00e9ber da Silva Lopes, foi consultado e citado em <a href=\"https:\/\/www1.folha.uol.com.br\/amp\/cotidiano\/2024\/09\/policiais-de-folga-fazem-vigilancia-irregular-para-30-milhoes-de-pessoas-estima-pesquisa.shtml\">artigo recente<\/a> da Folha de S\u00e3o Paulo enquanto cientista pol\u00edtico e membro do F\u00f3rum Brasileiro de Seguran\u00e7a P\u00fablica, e autor de estudos que fundamentam a an\u00e1lise do tema.<\/p>\n\n\n\n<p>O tema \u00e9 ao mesmo tempo pol\u00eamico e familiar, pois ao mesmo tempo que viola a maior parte dos regulamentos internos das pol\u00edcias, n\u00e3o causa estranhamento ao nos depararmos com exemplos di\u00e1rios. Entretanto, A pesquisa Datafolha, encomendada pelo F\u00f3rum Brasileiro de Seguran\u00e7a P\u00fablica e pela&nbsp;Folha. revela que cerca de 30 milh\u00f5es de brasileiros (18% da popula\u00e7\u00e3o) vivem em \u00e1reas onde policiais de folga atuam como vigilantes privados, uma pr\u00e1tica proibida na maioria dos estados.&#8221;. Para o professor, essa ainda \u00e9 uma estimativa conservadora, pois:<\/p>\n\n\n\n<figure class=\"wp-block-pullquote\"><blockquote><p>Em 2022, um estudo de Lopes para o Anu\u00e1rio Brasileiro de Seguran\u00e7a P\u00fablica estimou o n\u00famero de seguran\u00e7as particulares que trabalham de forma clandestina, sem supervis\u00e3o da&nbsp;<a href=\"https:\/\/12ft.io\/proxy?q=https%3A%2F%2Fwww1.folha.uol.com.br%2Ffolha-topicos%2Fpolicia%2F\">Pol\u00edcia<\/a>&nbsp;Federal,&nbsp;<a href=\"https:\/\/12ft.io\/proxy?q=https%3A%2F%2Fwww1.folha.uol.com.br%2Fcotidiano%2F2022%2F08%2Fbrasil-tem-mais-de-600-mil-segurancas-privados-atuando-sem-controle-da-pf.shtml\">em cerca de 600 mil pessoas<\/a>. Somados \u00e0queles que estavam registrados de forma l\u00edcita, a m\u00e3o-de-obra empregada pelo mercado de seguran\u00e7a privada chegava a 1,1 milh\u00e3o de pessoas.<\/p><cite>Kruse, t. Policiais de folga fazem vigil\u00e2ncia irregular para 30 milh\u00f5es de pessoas, estima pesquisa. fOLHA DE S\u00c3O pAULO, S\u00e3o Paulo. 1\u00ba.set.2024 Dispon\u00edvel em: <a href=\"https:\/\/www1.folha.uol.com.br\/amp\/cotidiano\/2024\/09\/policiais-de-folga-fazem-vigilancia-irregular-para-30-milhoes-de-pessoas-estima-pesquisa.shtml\">https:\/\/www1.folha.uol.com.br\/amp\/cotidiano\/2024\/09\/policiais-de-folga-fazem-vigilancia-irregular-para-30-milhoes-de-pessoas-estima-pesquisa.shtml<\/a> Acesso em 2 de setembro de 2024 \u00e0s 16:20.<\/cite><\/blockquote><\/figure>\n\n\n\n<p>Esses servi\u00e7os s\u00e3o mais comuns em regi\u00f5es metropolitanas, especialmente em cidades com mais de 200 mil habitantes. A pesquisa tamb\u00e9m aponta que moradores dessas \u00e1reas relatam mais casos de viol\u00eancia policial. A dupla jornada aumenta o estresse e o risco de vitimiza\u00e7\u00e3o dos policiais, contribuindo para problemas de sa\u00fade mental e conflitos de interesse na seguran\u00e7a p\u00fablica.<\/p>\n\n\n\n<p>Estudos como o mencionado no artigo s\u00e3o cruciais para compreender pr\u00e1ticas informais que impactam diretamente a seguran\u00e7a p\u00fablica e a vida social. Profissionais de sociologia e ci\u00eancia pol\u00edtica desempenham um papel vital ao analisar esses fen\u00f4menos, identificando padr\u00f5es, causas e consequ\u00eancias que muitas vezes passam despercebidos pelo p\u00fablico e pelas autoridades. Eles fornecem uma base emp\u00edrica para a formula\u00e7\u00e3o de pol\u00edticas p\u00fablicas mais eficazes, ajudando a mitigar problemas como a precariza\u00e7\u00e3o do trabalho policial e os conflitos de interesse.<\/p>\n","protected":false},"excerpt":{"rendered":"<p>O professor do PPGSOC-UEL e coordenador do LEGS \u2013 Laborat\u00f3rio de Estudos sobre Governan\u00e7a da Seguran\u00e7a, Dr. Cl\u00e9ber da Silva Lopes, foi consultado e citado em artigo recente da Folha de S\u00e3o Paulo enquanto cientista pol\u00edtico e membro do F\u00f3rum Brasileiro de Seguran\u00e7a P\u00fablica, e autor de estudos que fundamentam a an\u00e1lise do tema. O [&hellip;]<\/p>\n","protected":false},"author":1,"featured_media":3501,"comment_status":"open","ping_status":"open","sticky":false,"template":"","format":"standard","meta":{"_acf_changed":false,"footnotes":""},"categories":[1],"tags":[],"class_list":["post-3496","post","type-post","status-publish","format-standard","has-post-thumbnail","hentry","category-sem-categoria"],"acf":[],"_links":{"self":[{"href":"https:\/\/pos.uel.br\/ppgsoc\/wp-json\/wp\/v2\/posts\/3496","targetHints":{"allow":["GET"]}}],"collection":[{"href":"https:\/\/pos.uel.br\/ppgsoc\/wp-json\/wp\/v2\/posts"}],"about":[{"href":"https:\/\/pos.uel.br\/ppgsoc\/wp-json\/wp\/v2\/types\/post"}],"author":[{"embeddable":true,"href":"https:\/\/pos.uel.br\/ppgsoc\/wp-json\/wp\/v2\/users\/1"}],"replies":[{"embeddable":true,"href":"https:\/\/pos.uel.br\/ppgsoc\/wp-json\/wp\/v2\/comments?post=3496"}],"version-history":[{"count":6,"href":"https:\/\/pos.uel.br\/ppgsoc\/wp-json\/wp\/v2\/posts\/3496\/revisions"}],"predecessor-version":[{"id":3513,"href":"https:\/\/pos.uel.br\/ppgsoc\/wp-json\/wp\/v2\/posts\/3496\/revisions\/3513"}],"wp:featuredmedia":[{"embeddable":true,"href":"https:\/\/pos.uel.br\/ppgsoc\/wp-json\/wp\/v2\/media\/3501"}],"wp:attachment":[{"href":"https:\/\/pos.uel.br\/ppgsoc\/wp-json\/wp\/v2\/media?parent=3496"}],"wp:term":[{"taxonomy":"category","embeddable":true,"href":"https:\/\/pos.uel.br\/ppgsoc\/wp-json\/wp\/v2\/categories?post=3496"},{"taxonomy":"post_tag","embeddable":true,"href":"https:\/\/pos.uel.br\/ppgsoc\/wp-json\/wp\/v2\/tags?post=3496"}],"curies":[{"name":"wp","href":"https:\/\/api.w.org\/{rel}","templated":true}]}}