{"id":3428,"date":"2024-08-11T14:53:36","date_gmt":"2024-08-11T17:53:36","guid":{"rendered":"https:\/\/pos.uel.br\/ppgsoc\/?p=3428"},"modified":"2024-08-11T15:17:22","modified_gmt":"2024-08-11T18:17:22","slug":"prof-cleber-lopes-contribui-para-debate-sobre-seguranca-privada-clandestina-em-pauta-no-congresso","status":"publish","type":"post","link":"https:\/\/pos.uel.br\/ppgsoc\/sem-categoria\/2024\/08\/11\/prof-cleber-lopes-contribui-para-debate-sobre-seguranca-privada-clandestina-em-pauta-no-congresso\/","title":{"rendered":"Prof. Cleber Lopes contribui para debate sobre seguran\u00e7a privada clandestina, em pauta no Congresso"},"content":{"rendered":"\n<p>O jornal <em>O Globo<\/em> destacou no dia 10\/08\/2024 a participa\u00e7\u00e3o do professor Cleber Lopes, da Universidade Estadual de Londrina (UEL) e coordenador do Laborat\u00f3rio de Estudos sobre Governan\u00e7a da Seguran\u00e7a (LEGS), em um debate sobre seguran\u00e7a privada clandestina. O artigo de 2015 do professor, citado na mat\u00e9ria, revela que, em S\u00e3o Paulo, seguran\u00e7as irregulares estiveram envolvidos, em m\u00e9dia, em 41 ocorr\u00eancias criminais mensais, enquanto entre os seguran\u00e7as regularizados, essa m\u00e9dia foi bem menor, apenas 12.<\/p>\n\n\n\n<figure class=\"wp-block-image size-full\"><img loading=\"lazy\" decoding=\"async\" width=\"888\" height=\"592\" src=\"https:\/\/pos.uel.br\/ppgsoc\/wp-content\/uploads\/2024\/08\/108036497-p-sao-paulo-sp-06-08-2024-operacao-salus-et-dignitas-na-cracolandia-o-govern.avif\" alt=\"\" class=\"wp-image-3429\" \/><\/figure>\n\n\n\n<p>Opera\u00e7\u00e3o realizada na Cracol\u00e2ndia, em S\u00e3o Paulo, para reprimir o crime organizado \u2014 Foto: Maria Isabel Oliveira\/ Ag\u00eancia O Globo\/06\/08\/2024<\/p>\n\n\n\n<p>No Congresso, est\u00e1 em discuss\u00e3o a cria\u00e7\u00e3o do Estatuto da Seguran\u00e7a Privada, que pretende proibir a presta\u00e7\u00e3o de servi\u00e7os de seguran\u00e7a de forma cooperada ou aut\u00f4noma e refor\u00e7ar o papel da Pol\u00edcia Federal na fiscaliza\u00e7\u00e3o e controle da atividade. O tema tem sido objeto de estudos por especialistas e de pesquisas acad\u00eamicas, evidenciando a import\u00e2ncia da produ\u00e7\u00e3o cient\u00edfica nas ci\u00eancias sociais para a formula\u00e7\u00e3o de pol\u00edticas p\u00fablicas.<\/p>\n\n\n\n<p>Link para a mat\u00e9ria completa: <a href=\"https:\/\/oglobo.globo.com\/opiniao\/editorial\/coluna\/2024\/08\/governos-estaduais-devem-combater-crimes-em-servicos-de-seguranca.ghtml\">Governos estaduais devem combater crimes em servi\u00e7os de seguran\u00e7a<\/a><\/p>\n","protected":false},"excerpt":{"rendered":"<p>O jornal O Globo destacou no dia 10\/08\/2024 a participa\u00e7\u00e3o do professor Cleber Lopes, da Universidade Estadual de Londrina (UEL) e coordenador do Laborat\u00f3rio de Estudos sobre Governan\u00e7a da Seguran\u00e7a (LEGS), em um debate sobre seguran\u00e7a privada clandestina. O artigo de 2015 do professor, citado na mat\u00e9ria, revela que, em S\u00e3o Paulo, seguran\u00e7as irregulares estiveram [&hellip;]<\/p>\n","protected":false},"author":8,"featured_media":3429,"comment_status":"open","ping_status":"open","sticky":false,"template":"","format":"standard","meta":{"_acf_changed":false,"footnotes":""},"categories":[1],"tags":[175,173,171],"class_list":["post-3428","post","type-post","status-publish","format-standard","has-post-thumbnail","hentry","category-sem-categoria","tag-combate-ao-crime","tag-legs","tag-seguranca-privada"],"acf":[],"_links":{"self":[{"href":"https:\/\/pos.uel.br\/ppgsoc\/wp-json\/wp\/v2\/posts\/3428","targetHints":{"allow":["GET"]}}],"collection":[{"href":"https:\/\/pos.uel.br\/ppgsoc\/wp-json\/wp\/v2\/posts"}],"about":[{"href":"https:\/\/pos.uel.br\/ppgsoc\/wp-json\/wp\/v2\/types\/post"}],"author":[{"embeddable":true,"href":"https:\/\/pos.uel.br\/ppgsoc\/wp-json\/wp\/v2\/users\/8"}],"replies":[{"embeddable":true,"href":"https:\/\/pos.uel.br\/ppgsoc\/wp-json\/wp\/v2\/comments?post=3428"}],"version-history":[{"count":2,"href":"https:\/\/pos.uel.br\/ppgsoc\/wp-json\/wp\/v2\/posts\/3428\/revisions"}],"predecessor-version":[{"id":3432,"href":"https:\/\/pos.uel.br\/ppgsoc\/wp-json\/wp\/v2\/posts\/3428\/revisions\/3432"}],"wp:featuredmedia":[{"embeddable":true,"href":"https:\/\/pos.uel.br\/ppgsoc\/wp-json\/wp\/v2\/media\/3429"}],"wp:attachment":[{"href":"https:\/\/pos.uel.br\/ppgsoc\/wp-json\/wp\/v2\/media?parent=3428"}],"wp:term":[{"taxonomy":"category","embeddable":true,"href":"https:\/\/pos.uel.br\/ppgsoc\/wp-json\/wp\/v2\/categories?post=3428"},{"taxonomy":"post_tag","embeddable":true,"href":"https:\/\/pos.uel.br\/ppgsoc\/wp-json\/wp\/v2\/tags?post=3428"}],"curies":[{"name":"wp","href":"https:\/\/api.w.org\/{rel}","templated":true}]}}