{"id":3367,"date":"2024-06-26T08:31:36","date_gmt":"2024-06-26T11:31:36","guid":{"rendered":"https:\/\/pos.uel.br\/ppgsoc\/?p=3367"},"modified":"2024-06-26T08:32:50","modified_gmt":"2024-06-26T11:32:50","slug":"ppgsoc-recebe-prof-ruy-braga","status":"publish","type":"post","link":"https:\/\/pos.uel.br\/ppgsoc\/sem-categoria\/2024\/06\/26\/ppgsoc-recebe-prof-ruy-braga\/","title":{"rendered":"PPGSOC recebe Prof. Ruy Braga"},"content":{"rendered":"\n<p>O PPGSOC e o Colegiado de Ci\u00eancias Sociais convidam para&nbsp;a&nbsp;&nbsp;Palestra&nbsp;&nbsp;<strong>PARA ONDE VAI O MUNDO DO TRABALHO? SINDICALISMO, PRECARIZA\u00c7\u00c3O E &nbsp;PLATAFORMIZA\u00c7\u00c3O<br><\/strong>Palestrante: &nbsp;<strong>Ruy&nbsp;Braga<\/strong>&nbsp;\/ USP \/ Centro de Estudos dos Direitos da Cidadania<br>Data :&nbsp;<strong>01\/07<\/strong><br>Hor\u00e1rio:&nbsp;<strong>19h30<\/strong><br>Local:&nbsp;<strong>Sala de Eventos do CLCH<\/strong><\/p>\n\n\n\n<figure class=\"wp-block-image size-large is-resized\"><img loading=\"lazy\" decoding=\"async\" width=\"1024\" height=\"1024\" src=\"https:\/\/pos.uel.br\/ppgsoc\/wp-content\/uploads\/2024\/06\/Ruy-Braga-na-UEL-1024x1024.jpg\" alt=\"\" class=\"wp-image-3368\" style=\"width:322px;height:auto\" srcset=\"https:\/\/pos.uel.br\/ppgsoc\/wp-content\/uploads\/2024\/06\/Ruy-Braga-na-UEL-1024x1024.jpg 1024w, https:\/\/pos.uel.br\/ppgsoc\/wp-content\/uploads\/2024\/06\/Ruy-Braga-na-UEL-300x300.jpg 300w, https:\/\/pos.uel.br\/ppgsoc\/wp-content\/uploads\/2024\/06\/Ruy-Braga-na-UEL-150x150.jpg 150w, https:\/\/pos.uel.br\/ppgsoc\/wp-content\/uploads\/2024\/06\/Ruy-Braga-na-UEL-768x768.jpg 768w, https:\/\/pos.uel.br\/ppgsoc\/wp-content\/uploads\/2024\/06\/Ruy-Braga-na-UEL.jpg 1080w\" sizes=\"auto, (max-width: 1024px) 100vw, 1024px\" \/><\/figure>\n","protected":false},"excerpt":{"rendered":"<p>O PPGSOC e o Colegiado de Ci\u00eancias Sociais convidam para&nbsp;a&nbsp;&nbsp;Palestra&nbsp;&nbsp;PARA ONDE VAI O MUNDO DO TRABALHO? SINDICALISMO, PRECARIZA\u00c7\u00c3O E &nbsp;PLATAFORMIZA\u00c7\u00c3OPalestrante: &nbsp;Ruy&nbsp;Braga&nbsp;\/ USP \/ Centro de Estudos dos Direitos da CidadaniaData :&nbsp;01\/07Hor\u00e1rio:&nbsp;19h30Local:&nbsp;Sala de Eventos do CLCH<\/p>\n","protected":false},"author":8,"featured_media":3368,"comment_status":"open","ping_status":"open","sticky":false,"template":"","format":"standard","meta":{"_acf_changed":false,"footnotes":""},"categories":[1],"tags":[],"class_list":["post-3367","post","type-post","status-publish","format-standard","has-post-thumbnail","hentry","category-sem-categoria"],"acf":[],"_links":{"self":[{"href":"https:\/\/pos.uel.br\/ppgsoc\/wp-json\/wp\/v2\/posts\/3367","targetHints":{"allow":["GET"]}}],"collection":[{"href":"https:\/\/pos.uel.br\/ppgsoc\/wp-json\/wp\/v2\/posts"}],"about":[{"href":"https:\/\/pos.uel.br\/ppgsoc\/wp-json\/wp\/v2\/types\/post"}],"author":[{"embeddable":true,"href":"https:\/\/pos.uel.br\/ppgsoc\/wp-json\/wp\/v2\/users\/8"}],"replies":[{"embeddable":true,"href":"https:\/\/pos.uel.br\/ppgsoc\/wp-json\/wp\/v2\/comments?post=3367"}],"version-history":[{"count":2,"href":"https:\/\/pos.uel.br\/ppgsoc\/wp-json\/wp\/v2\/posts\/3367\/revisions"}],"predecessor-version":[{"id":3370,"href":"https:\/\/pos.uel.br\/ppgsoc\/wp-json\/wp\/v2\/posts\/3367\/revisions\/3370"}],"wp:featuredmedia":[{"embeddable":true,"href":"https:\/\/pos.uel.br\/ppgsoc\/wp-json\/wp\/v2\/media\/3368"}],"wp:attachment":[{"href":"https:\/\/pos.uel.br\/ppgsoc\/wp-json\/wp\/v2\/media?parent=3367"}],"wp:term":[{"taxonomy":"category","embeddable":true,"href":"https:\/\/pos.uel.br\/ppgsoc\/wp-json\/wp\/v2\/categories?post=3367"},{"taxonomy":"post_tag","embeddable":true,"href":"https:\/\/pos.uel.br\/ppgsoc\/wp-json\/wp\/v2\/tags?post=3367"}],"curies":[{"name":"wp","href":"https:\/\/api.w.org\/{rel}","templated":true}]}}